{"id":1291,"date":"2016-12-11T15:28:22","date_gmt":"2016-12-11T14:28:22","guid":{"rendered":"http:\/\/perspectiv.org\/vudici\/?p=1291"},"modified":"2023-08-07T14:11:41","modified_gmt":"2023-08-07T13:11:41","slug":"a-la-recherche-de-quasimodo","status":"publish","type":"post","link":"https:\/\/perspectiv.org\/vudici\/a-la-recherche-de-quasimodo\/","title":{"rendered":"A la recherche de Quasimodo"},"content":{"rendered":"<p style=\"text-align: justify;\">Lorsque le soir, on se prom\u00e8ne \u00e0 proximit\u00e9 d&rsquo;une cath\u00e9drale, on se demande souvent s&rsquo;il ne va pas nous appara\u00eetre. Est-il r\u00e9el ou n&rsquo;est-il qu&rsquo;un personnage de roman ? L&rsquo;a-t-on tant imagin\u00e9 qu&rsquo;il nous est devenu familier ou l&rsquo;avons-nous si souvent crois\u00e9&nbsp;qu&rsquo;on est certain de sa r\u00e9alit\u00e9.&nbsp;Eh bien, je m&rsquo;\u00e9tais mis ce soir-l\u00e0 en qu\u00eate de le retrouver et je m&rsquo;en vais vous conter comment je m&rsquo;y pris.<!--more--><\/p>\n<p style=\"text-align: justify;\">Pour le rejoindre, il me fallut,&nbsp;avant tout, choisir une cath\u00e9drale. Pas n&rsquo;importe laquelle \u00e9videmment. Celle-ci devait&nbsp;tout d&rsquo;abord avoir force gargouilles, toutes plus horribles les unes que les autres afin de prot\u00e9ger le lieu le plus efficacement possible et \u00e9loigner les curieux et les couards. Elle devait&nbsp;ensuite avoir un clocher particuli\u00e8rement haut qui lui permettait de surveiller alentours et rep\u00e9rer quiconque approcherait. Elle devait&nbsp;enfin se nimber des myst\u00e8res les propices au foisonnement&nbsp;des imaginations fertiles, plus s\u00e9rieux rempart contre les visites ind\u00e9sirables.<\/p>\n<p style=\"text-align: justify;\">Le lieu \u00e9tant trouv\u00e9, je m&rsquo;\u00e9quipais donc. On ne peut en effet se laisser surprendre par un f\u00e2cheuse impr\u00e9paration et l&rsquo;\u00e9quipement est essentiel. Car malgr\u00e9 ce corps difforme, le monstre est vif et pour le fixer sur son capteur, il convient de savoir, dans le noir, viser juste et vite. Un appareil capable des plus hautes sensibilit\u00e9s n&rsquo;est donc pas superflu. Pour autant, et comme rien ne sert de se pr\u00e9cipiter, l&rsquo;approche se doit d&rsquo;\u00eatre m\u00e9thodique et notamment il faut avoir rep\u00e9rer l&rsquo;antre du bossu sous tous les angles. En cela un tr\u00e9pied peut-\u00eatre utile et en tout cas fortement recommand\u00e9.<\/p>\n<p style=\"text-align: justify;\">Le mat\u00e9riel pr\u00eat et mon courage rassembl\u00e9, on peut s&rsquo;avancer en s&rsquo;assurant d&rsquo;effectuer un rep\u00e9rage des plus vigilants.<\/p>\n<p style=\"text-align: justify;\">D&rsquo;abord, traverser la rivi\u00e8re en utilisant le pont que des anc\u00eatres pr\u00e9voyants et ma\u00e7ons auront bien voulu vous construire.<\/p>\n<p style=\"text-align: justify;\">Ensuite, se faufiler par les jardins, sous les&nbsp;feuillages &#8211; la veste de treillis pourra \u00eatre&nbsp;un atout, mais tout v\u00eatement sombre fera l&rsquo;affaire &#8211; des arbres que des a\u00efeux bienveillants et jardiniers auront pris le soin d&rsquo;\u00e9lever.<\/p>\n<p style=\"text-align: justify;\">Enfin, s&rsquo;approcher du clocher \u00e0 pas feutr\u00e9s m\u00eame si on pr\u00e9tend qu&rsquo;il est sourd et&nbsp;que le plus grand des vacarmes ne saurait le perturber :<\/p>\n<blockquote>\n<p style=\"text-align: justify;\">Sonneur [&#8230;]&nbsp;\u00e0 quatorze ans, une nouvelle infirmit\u00e9 \u00e9tait venue le parfaire ; les cloches lui avaient bris\u00e9 le tympan ; il \u00e9tait devenu sourd.<\/p>\n<\/blockquote>\n<p style=\"text-align: justify;\">On n&rsquo;est toutefois jamais suffisamment prudent et je pensais&nbsp;sage de ne pas toujours croire ce que dit le po\u00e8te !<\/p>\n<p style=\"text-align: justify;\">Il ne reste plus alors qu&rsquo;\u00e0 attendre, tous les sens \u00e0 l&rsquo;aff\u00fbt.<\/p>\n<p style=\"text-align: justify;\">Ce que je fis, longtemps, tr\u00e8s longtemps, tr\u00e8s tr\u00e8s longtemps. Et savez-vous ce qu&rsquo;il advient ?<\/p>\n<p style=\"text-align: justify;\">Rien !<\/p>\n<p style=\"text-align: justify;\">De cette exp\u00e9rience, j&rsquo;ai tir\u00e9 un enseignement : la prochaine fois quand je partirai \u00e0 la rencontre de Quasimodo, je viendrai avec Esm\u00e9ralda&#8230; Il faisait si froid que je n&rsquo;avais pas eu le coeur \u00e0 lui demander de m&rsquo;accompagner, elle qui si souvent est trop l\u00e9g\u00e8rement v\u00eatue !<\/p>\n<blockquote>\n<p style=\"text-align: justify;\">Elle dansait ainsi, au bourdonnement du tambour de basque que ses deux bras ronds et purs \u00e9levaient au-dessus de sa t\u00eate, mince, fr\u00eale et vive comme une gu\u00eape, avec son corsage d\u2019or sans pli, sa robe bariol\u00e9e qui se gonflait avec ses \u00e9paules nues, ses jambes fines que sa jupe d\u00e9couvrait par moments, ses cheveux noirs, ses yeux de flamme, c\u2019\u00e9tait une surnaturelle cr\u00e9ature.<\/p>\n<h2 style=\"padding-left: 60px;\"><strong>Victor Hugo<\/strong><\/h2>\n<p style=\"padding-left: 90px;\"><strong>Les Mis\u00e9rables<\/strong><\/p>\n<\/blockquote>\n<p style=\"text-align: justify;\"><span style=\"font-size: 90%;\">Retrouvez les images de cette d\u00e9ambulation dans la s\u00e9rie&nbsp;<\/span><em><a href=\"https:\/\/perspectiv.org\/vudici\/project\/a-la-recherche-de-quasimodo\/\">A la recherche de Quasimodo<\/a><\/em><\/p>\n","protected":false},"excerpt":{"rendered":"<p>Lorsque le soir, on se prom\u00e8ne \u00e0 proximit\u00e9 d&rsquo;une cath\u00e9drale, on se demande souvent s&rsquo;il ne va pas nous appara\u00eetre. Est-il r\u00e9el ou n&rsquo;est-il qu&rsquo;un personnage de roman ? L&rsquo;a-t-on tant imagin\u00e9 qu&rsquo;il nous est devenu familier ou l&rsquo;avons-nous si souvent crois\u00e9&nbsp;qu&rsquo;on est certain de sa r\u00e9alit\u00e9.&nbsp;Eh bien, je m&rsquo;\u00e9tais mis ce soir-l\u00e0 en qu\u00eate&hellip;<\/p>\n","protected":false},"author":1,"featured_media":1749,"comment_status":"open","ping_status":"open","sticky":false,"template":"","format":"standard","meta":{"content-type":"","_mo_disable_npp":"","ngg_post_thumbnail":0,"jetpack_post_was_ever_published":false,"_jetpack_newsletter_access":"","_jetpack_dont_email_post_to_subs":false,"_jetpack_newsletter_tier_id":0,"_jetpack_memberships_contains_paywalled_content":false,"_jetpack_memberships_contains_paid_content":false,"footnotes":"","jetpack_publicize_message":"","jetpack_publicize_feature_enabled":true,"jetpack_social_post_already_shared":false,"jetpack_social_options":{"image_generator_settings":{"template":"highway","default_image_id":0,"font":"","enabled":false},"version":2}},"categories":[35],"tags":[10,37,149,92],"class_list":["post-1291","post","type-post","status-publish","format-standard","has-post-thumbnail","hentry","category-ailleurs-en-couleurs","tag-couleur","tag-eglise","tag-nuit","tag-reverie","post-grid-2-col","entry"],"jetpack_publicize_connections":[],"jetpack_featured_media_url":"https:\/\/perspectiv.org\/vudici\/wp-content\/uploads\/2016\/12\/Quasimodo1-2-1-1.jpg","jetpack_sharing_enabled":true,"jetpack_shortlink":"https:\/\/wp.me\/pataty-kP","jetpack-related-posts":[],"_links":{"self":[{"href":"https:\/\/perspectiv.org\/vudici\/wp-json\/wp\/v2\/posts\/1291","targetHints":{"allow":["GET"]}}],"collection":[{"href":"https:\/\/perspectiv.org\/vudici\/wp-json\/wp\/v2\/posts"}],"about":[{"href":"https:\/\/perspectiv.org\/vudici\/wp-json\/wp\/v2\/types\/post"}],"author":[{"embeddable":true,"href":"https:\/\/perspectiv.org\/vudici\/wp-json\/wp\/v2\/users\/1"}],"replies":[{"embeddable":true,"href":"https:\/\/perspectiv.org\/vudici\/wp-json\/wp\/v2\/comments?post=1291"}],"version-history":[{"count":13,"href":"https:\/\/perspectiv.org\/vudici\/wp-json\/wp\/v2\/posts\/1291\/revisions"}],"predecessor-version":[{"id":1753,"href":"https:\/\/perspectiv.org\/vudici\/wp-json\/wp\/v2\/posts\/1291\/revisions\/1753"}],"wp:featuredmedia":[{"embeddable":true,"href":"https:\/\/perspectiv.org\/vudici\/wp-json\/wp\/v2\/media\/1749"}],"wp:attachment":[{"href":"https:\/\/perspectiv.org\/vudici\/wp-json\/wp\/v2\/media?parent=1291"}],"wp:term":[{"taxonomy":"category","embeddable":true,"href":"https:\/\/perspectiv.org\/vudici\/wp-json\/wp\/v2\/categories?post=1291"},{"taxonomy":"post_tag","embeddable":true,"href":"https:\/\/perspectiv.org\/vudici\/wp-json\/wp\/v2\/tags?post=1291"}],"curies":[{"name":"wp","href":"https:\/\/api.w.org\/{rel}","templated":true}]}}