{"id":1334,"date":"2017-01-06T22:42:27","date_gmt":"2017-01-06T21:42:27","guid":{"rendered":"http:\/\/perspectiv.org\/vudici\/?p=1334"},"modified":"2018-11-21T11:26:57","modified_gmt":"2018-11-21T10:26:57","slug":"pour-le-bleu-de-tes-cieux","status":"publish","type":"post","link":"https:\/\/perspectiv.org\/vudici\/pour-le-bleu-de-tes-cieux\/","title":{"rendered":"Pour le bleu de tes cieux"},"content":{"rendered":"<p style=\"text-align: justify;\">Pour le bleu de tes cieux<\/p>\n<p style=\"text-align: justify;\">J&rsquo;arpenterai les sentiers de sable<\/p>\n<p style=\"text-align: justify;\">Ceux des terres arides, ceux des terres arables.<!--more--><\/p>\n<p style=\"text-align: justify;\">Pour le bleu de tes cieux,<\/p>\n<p style=\"text-align: justify;\">J&rsquo;escaladerai les&nbsp;dunes,<\/p>\n<p style=\"text-align: justify;\">Celles raides de nos&nbsp;impardonnables lacunes, celles pliss\u00e9es&nbsp;du chatoiement&nbsp;des lagunes.<\/p>\n<p style=\"text-align: justify;\">Pour le bleu de tes cieux,<\/p>\n<p style=\"text-align: justify;\">J&rsquo;irai d\u00e9croch\u00e9 la lune,<\/p>\n<p style=\"text-align: justify;\">Celle d&rsquo;\u00e9t\u00e9 dans sa robe de&nbsp;brume, celle d&rsquo;hiver&nbsp;dans son \u00e9tole si&nbsp;brune.<\/p>\n<p style=\"text-align: justify;\">Je partirai demain, quand le pourpre sera \u00e9teint.<\/p>\n<p style=\"text-align: justify;\">Quand&nbsp;des \u00e9clats de cuivre, le z\u00e9nith&nbsp;n&rsquo;aura gard\u00e9 que le bronze,<\/p>\n<p style=\"text-align: justify;\">Et que des heures de la nuit,&nbsp;l&rsquo;horloge en aura compt\u00e9&nbsp;onze.<\/p>\n<p style=\"text-align: justify;\">Pour le bleu de tes cieux, je me blottirai au creux de tes mains.<\/p>\n<p style=\"text-align: justify;\">&nbsp;<\/p>\n","protected":false},"excerpt":{"rendered":"<p>Pour le bleu de tes cieux J&rsquo;arpenterai les sentiers de sable Ceux des terres arides, ceux des terres arables.<\/p>\n","protected":false},"author":1,"featured_media":1744,"comment_status":"open","ping_status":"open","sticky":false,"template":"","format":"standard","meta":{"content-type":"","_mo_disable_npp":"","ngg_post_thumbnail":0,"jetpack_post_was_ever_published":false,"_jetpack_newsletter_access":"","_jetpack_dont_email_post_to_subs":false,"_jetpack_newsletter_tier_id":0,"_jetpack_memberships_contains_paywalled_content":false,"_jetpack_memberships_contains_paid_content":false,"footnotes":"","jetpack_publicize_message":"","jetpack_publicize_feature_enabled":true,"jetpack_social_post_already_shared":false,"jetpack_social_options":{"image_generator_settings":{"template":"highway","default_image_id":0,"font":"","enabled":false},"version":2}},"categories":[35],"tags":[19,152,153,92],"class_list":["post-1334","post","type-post","status-publish","format-standard","has-post-thumbnail","hentry","category-ailleurs-en-couleurs","tag-amoureux","tag-bleu","tag-cieux","tag-reverie","post-grid-2-col","entry"],"jetpack_publicize_connections":[],"jetpack_featured_media_url":"https:\/\/perspectiv.org\/vudici\/wp-content\/uploads\/2017\/01\/pour-le-bleu-de-tes-yeux-1-1.jpg","jetpack_sharing_enabled":true,"jetpack_shortlink":"https:\/\/wp.me\/pataty-lw","jetpack-related-posts":[],"_links":{"self":[{"href":"https:\/\/perspectiv.org\/vudici\/wp-json\/wp\/v2\/posts\/1334","targetHints":{"allow":["GET"]}}],"collection":[{"href":"https:\/\/perspectiv.org\/vudici\/wp-json\/wp\/v2\/posts"}],"about":[{"href":"https:\/\/perspectiv.org\/vudici\/wp-json\/wp\/v2\/types\/post"}],"author":[{"embeddable":true,"href":"https:\/\/perspectiv.org\/vudici\/wp-json\/wp\/v2\/users\/1"}],"replies":[{"embeddable":true,"href":"https:\/\/perspectiv.org\/vudici\/wp-json\/wp\/v2\/comments?post=1334"}],"version-history":[{"count":6,"href":"https:\/\/perspectiv.org\/vudici\/wp-json\/wp\/v2\/posts\/1334\/revisions"}],"predecessor-version":[{"id":1745,"href":"https:\/\/perspectiv.org\/vudici\/wp-json\/wp\/v2\/posts\/1334\/revisions\/1745"}],"wp:featuredmedia":[{"embeddable":true,"href":"https:\/\/perspectiv.org\/vudici\/wp-json\/wp\/v2\/media\/1744"}],"wp:attachment":[{"href":"https:\/\/perspectiv.org\/vudici\/wp-json\/wp\/v2\/media?parent=1334"}],"wp:term":[{"taxonomy":"category","embeddable":true,"href":"https:\/\/perspectiv.org\/vudici\/wp-json\/wp\/v2\/categories?post=1334"},{"taxonomy":"post_tag","embeddable":true,"href":"https:\/\/perspectiv.org\/vudici\/wp-json\/wp\/v2\/tags?post=1334"}],"curies":[{"name":"wp","href":"https:\/\/api.w.org\/{rel}","templated":true}]}}