{"id":1341,"date":"2017-02-05T11:03:22","date_gmt":"2017-02-05T10:03:22","guid":{"rendered":"http:\/\/perspectiv.org\/vudici\/?p=1341"},"modified":"2023-08-04T14:19:44","modified_gmt":"2023-08-04T13:19:44","slug":"au-lac","status":"publish","type":"post","link":"https:\/\/perspectiv.org\/vudici\/au-lac\/","title":{"rendered":"Au lac"},"content":{"rendered":"<p style=\"text-align: justify;\">J&rsquo;aime \u00e0 marcher le long de tes rives. Sur ce sable grossier, entre ces souches que l&rsquo;eau a model\u00e9es, j&rsquo;imprime mon pas lourd et sombre. Chacune de mes enjamb\u00e9es fait suinter une&nbsp;humidit\u00e9 trouble et noire qui, des tr\u00e9fonds de la terre, rena\u00eet \u00e0 la lumi\u00e8re.<\/p>\n<p style=\"text-align: justify;\">Aujourd&rsquo;hui, j&rsquo;ai l&rsquo;impression que le&nbsp;ciel gronde. Il se rev\u00eat de sombre et de clair, de rouge et de chair. On dirait qu&rsquo;il&nbsp;va chavirer \u00e0 chaque instant. Et moi, je per\u00e7ois sa vibration, je la ressens&nbsp;dans&nbsp;mes mouvements, j&rsquo;entends ses oscillations dans mes os.<\/p>\n<p style=\"text-align: justify;\">Je suis l\u00e0 fascin\u00e9 par cette atmosph\u00e8re et je m&rsquo;en remplis. Je suis devenu le son des enfants au loin, le souffle du vent dans les arbres d\u00e9charn\u00e9s, le dernier saut d&rsquo;un poisson qui lutte contre le passage du temps. Je suis pr\u00eat \u00e0 \u00e9clater, je suis le gris, je suis l&rsquo;orange, je suis le rouge mais encore&nbsp;parfois le bleu ou le vert.<\/p>\n<p style=\"text-align: justify;\">Il ne reste qu&rsquo;\u00e0 d\u00e9clencher : d\u00e9clencher pour \u00e9vacuer le surplus, d\u00e9clencher pour \u00e9pancher le trop-plein, d\u00e9clencher pour retrouver le vide.<\/p>\n<p style=\"text-align: justify;\">Et en d\u00e9clenchant, \u00e9couter le po\u00e8te :<\/p>\n<blockquote>\n<p style=\"text-align: justify;\">Tout a br\u00fbl\u00e9<\/p>\n<p style=\"text-align: justify;\">heureusement, les fleurs<\/p>\n<p style=\"text-align: justify;\">avaient achev\u00e9 de fleurir.<\/p>\n<h2 style=\"padding-left: 60px;\"><strong>Hokushi<\/strong><\/h2>\n<\/blockquote>\n<p style=\"text-align: justify;\"><em>Ensemble des photos \u00e0 retrouver <a href=\"https:\/\/perspectiv.org\/vudici\/project\/le-lac\/\">ici<\/a><\/em><\/p>\n","protected":false},"excerpt":{"rendered":"<p>J&rsquo;aime \u00e0 marcher le long de tes rives. Sur ce sable grossier, entre ces souches que l&rsquo;eau a model\u00e9es, j&rsquo;imprime mon pas lourd et sombre. Chacune de mes enjamb\u00e9es fait suinter une&nbsp;humidit\u00e9 trouble et noire qui, des tr\u00e9fonds de la terre, rena\u00eet \u00e0 la lumi\u00e8re. Aujourd&rsquo;hui, j&rsquo;ai l&rsquo;impression que le&nbsp;ciel gronde. Il se rev\u00eat de&hellip;<\/p>\n","protected":false},"author":1,"featured_media":1742,"comment_status":"open","ping_status":"open","sticky":false,"template":"","format":"standard","meta":{"content-type":"","_mo_disable_npp":"","ngg_post_thumbnail":0,"jetpack_post_was_ever_published":false,"_jetpack_newsletter_access":"","_jetpack_dont_email_post_to_subs":false,"_jetpack_newsletter_tier_id":0,"_jetpack_memberships_contains_paywalled_content":false,"_jetpack_memberships_contains_paid_content":false,"footnotes":"","jetpack_publicize_message":"","jetpack_publicize_feature_enabled":true,"jetpack_social_post_already_shared":false,"jetpack_social_options":{"image_generator_settings":{"template":"highway","default_image_id":0,"font":"","enabled":false},"version":2}},"categories":[35],"tags":[117,45,38,61],"class_list":["post-1341","post","type-post","status-publish","format-standard","has-post-thumbnail","hentry","category-ailleurs-en-couleurs","tag-ciel","tag-emotion","tag-lumiere","tag-melancolie","post-grid-2-col","entry"],"jetpack_publicize_connections":[],"jetpack_featured_media_url":"https:\/\/perspectiv.org\/vudici\/wp-content\/uploads\/2017\/02\/L1000487-Modifier-1-1.jpg","jetpack_sharing_enabled":false,"jetpack_shortlink":"https:\/\/wp.me\/pataty-lD","jetpack-related-posts":[],"_links":{"self":[{"href":"https:\/\/perspectiv.org\/vudici\/wp-json\/wp\/v2\/posts\/1341","targetHints":{"allow":["GET"]}}],"collection":[{"href":"https:\/\/perspectiv.org\/vudici\/wp-json\/wp\/v2\/posts"}],"about":[{"href":"https:\/\/perspectiv.org\/vudici\/wp-json\/wp\/v2\/types\/post"}],"author":[{"embeddable":true,"href":"https:\/\/perspectiv.org\/vudici\/wp-json\/wp\/v2\/users\/1"}],"replies":[{"embeddable":true,"href":"https:\/\/perspectiv.org\/vudici\/wp-json\/wp\/v2\/comments?post=1341"}],"version-history":[{"count":10,"href":"https:\/\/perspectiv.org\/vudici\/wp-json\/wp\/v2\/posts\/1341\/revisions"}],"predecessor-version":[{"id":2340,"href":"https:\/\/perspectiv.org\/vudici\/wp-json\/wp\/v2\/posts\/1341\/revisions\/2340"}],"wp:featuredmedia":[{"embeddable":true,"href":"https:\/\/perspectiv.org\/vudici\/wp-json\/wp\/v2\/media\/1742"}],"wp:attachment":[{"href":"https:\/\/perspectiv.org\/vudici\/wp-json\/wp\/v2\/media?parent=1341"}],"wp:term":[{"taxonomy":"category","embeddable":true,"href":"https:\/\/perspectiv.org\/vudici\/wp-json\/wp\/v2\/categories?post=1341"},{"taxonomy":"post_tag","embeddable":true,"href":"https:\/\/perspectiv.org\/vudici\/wp-json\/wp\/v2\/tags?post=1341"}],"curies":[{"name":"wp","href":"https:\/\/api.w.org\/{rel}","templated":true}]}}