{"id":1371,"date":"2017-04-18T21:49:50","date_gmt":"2017-04-18T20:49:50","guid":{"rendered":"http:\/\/perspectiv.org\/vudici\/?p=1371"},"modified":"2018-11-21T11:19:13","modified_gmt":"2018-11-21T10:19:13","slug":"la-jeune-fille-et-la-craie","status":"publish","type":"post","link":"https:\/\/perspectiv.org\/vudici\/la-jeune-fille-et-la-craie\/","title":{"rendered":"La jeune fille et la craie"},"content":{"rendered":"<p style=\"text-align: justify;\">Parfois les mots ne viennent plus. J&rsquo;ai beau plonger ma plume dans l&rsquo;encrier, rien ne vient. Je suis sec et aride. La feuille d\u00e9serte et le clavier muet. Heureusement, il reste les photos. Et m\u00eame avec elles, souvent je balbutie. C&rsquo;est le quotidien, dirais-je. Et puis, il y a des instants comme ce soir, des instants o\u00f9 la photo surgit. Elle jaillit, charriant mots, pens\u00e9es, sensations et odeurs.<!--more--><\/p>\n<p style=\"text-align: justify;\">Nous venions de finir de diner. Il \u00e9tait l&rsquo;heure de coucher les enfants.<\/p>\n<p style=\"text-align: justify;\">Et pendant que nous nous affairions \u00e0 mettre un peu d&rsquo;ordre dans le cuisine, Ad\u00e8le s&rsquo;est saisie d&rsquo;une craie. Et elle s&rsquo;est mise \u00e0 \u00e9crire. De cette \u00e9criture qu&rsquo;elle seule conna\u00eet, de celle qui lui raconte des histoires \u00e0 voix haute, de celle que nous avons perdue et que, dans nos imitations maladroites, nous passons une vie&nbsp;\u00e0 poursuivre pour en retrouver la magie.<\/p>\n<p style=\"text-align: justify;\">Elle s&rsquo;installa et je vis tout : le rel\u00e2chement de son corps, la vivacit\u00e9 de son esprit, la dext\u00e9rit\u00e9 de ses doigts qui faisaient glisser la craie sur le tableau noir de nos pense-b\u00eates. Je restais un instant absent devant la po\u00e9sie du geste, n&rsquo;osant plus bouger de peur que le charme ne s&rsquo;estompe, dans cette torpeur&nbsp;inqui\u00e8te&nbsp;de rater le moment. Je vous ai d\u00e9j\u00e0 parl\u00e9 de cette sensation, souvenez-vous, et je sais qu&rsquo;il faut alors photographier.<\/p>\n<p style=\"text-align: justify;\">L&rsquo;appareil n&rsquo;\u00e9tait pas loin ; il ne l&rsquo;est jamais vraiment. Je r\u00e9agis enfin et m&rsquo;en saisis.<\/p>\n<p style=\"text-align: justify;\">Ad\u00e8le \u00e9tait dans son monde. J&rsquo;\u00e9tais dans le mien.<\/p>\n<p style=\"text-align: justify;\">Et au moment de d\u00e9clencher, tout est l\u00e0&nbsp;: l&rsquo;enfance et son insouciance, l&rsquo;odeur de la craie, les cris des r\u00e9cr\u00e9s, l&rsquo;\u00e9crit des dict\u00e9es sur le tableau noir repli\u00e9.<\/p>\n<p style=\"text-align: justify;\">Tout, en un instant, jusqu&rsquo;au po\u00e8me de Pr\u00e9vert que je croyais oubli\u00e9 :<\/p>\n<blockquote>\n<p style=\"text-align: justify;\">Le cancre<\/p>\n<p style=\"text-align: justify;\">Il dit non avec la t\u00eate<br \/>\nmais il dit oui avec le coeur<br \/>\nil dit oui \u00e0 ce qu\u2019il aime<br \/>\nil dit non au professeur<br \/>\nil est debout<br \/>\non le questionne<br \/>\net tous les probl\u00e8mes sont pos\u00e9s<br \/>\nsoudain le fou rire le prend<br \/>\net il efface tout<br \/>\nles chiffres et les mots<br \/>\nles dates et les noms<br \/>\nles phrases et les pi\u00e8ges<br \/>\net malgr\u00e9 les menaces du ma\u00eetre<br \/>\nsous les hu\u00e9es des enfants prodiges<br \/>\navec les craies de toutes les couleurs<br \/>\nsur le tableau noir du malheur<br \/>\nil dessine le visage du bonheur.<\/p>\n<h2 style=\"padding-left: 60px;\"><strong>Jacques Pr\u00e9vert<\/strong><\/h2>\n<p style=\"padding-left: 90px;\"><strong>Paroles<\/strong><\/p>\n<\/blockquote>\n","protected":false},"excerpt":{"rendered":"<p>Parfois les mots ne viennent plus. J&rsquo;ai beau plonger ma plume dans l&rsquo;encrier, rien ne vient. Je suis sec et aride. La feuille d\u00e9serte et le clavier muet. Heureusement, il reste les photos. Et m\u00eame avec elles, souvent je balbutie. C&rsquo;est le quotidien, dirais-je. Et puis, il y a des instants comme ce soir, des&hellip;<\/p>\n","protected":false},"author":1,"featured_media":1739,"comment_status":"open","ping_status":"open","sticky":false,"template":"","format":"standard","meta":{"content-type":"","_mo_disable_npp":"","ngg_post_thumbnail":0,"jetpack_post_was_ever_published":false,"_jetpack_newsletter_access":"","_jetpack_dont_email_post_to_subs":false,"_jetpack_newsletter_tier_id":0,"_jetpack_memberships_contains_paywalled_content":false,"_jetpack_memberships_contains_paid_content":false,"footnotes":"","jetpack_publicize_message":"","jetpack_publicize_feature_enabled":true,"jetpack_social_post_already_shared":false,"jetpack_social_options":{"image_generator_settings":{"template":"highway","default_image_id":0,"font":"","enabled":false},"version":2}},"categories":[5],"tags":[40,93,92],"class_list":["post-1371","post","type-post","status-publish","format-standard","has-post-thumbnail","hentry","category-des-gens-en-noirs-et-blancs","tag-enfant","tag-imagination","tag-reverie","post-grid-2-col","entry"],"jetpack_publicize_connections":[],"jetpack_featured_media_url":"https:\/\/perspectiv.org\/vudici\/wp-content\/uploads\/2017\/04\/L1000123-Modifier-1.jpg","jetpack_sharing_enabled":true,"jetpack_shortlink":"https:\/\/wp.me\/pataty-m7","jetpack-related-posts":[],"_links":{"self":[{"href":"https:\/\/perspectiv.org\/vudici\/wp-json\/wp\/v2\/posts\/1371","targetHints":{"allow":["GET"]}}],"collection":[{"href":"https:\/\/perspectiv.org\/vudici\/wp-json\/wp\/v2\/posts"}],"about":[{"href":"https:\/\/perspectiv.org\/vudici\/wp-json\/wp\/v2\/types\/post"}],"author":[{"embeddable":true,"href":"https:\/\/perspectiv.org\/vudici\/wp-json\/wp\/v2\/users\/1"}],"replies":[{"embeddable":true,"href":"https:\/\/perspectiv.org\/vudici\/wp-json\/wp\/v2\/comments?post=1371"}],"version-history":[{"count":14,"href":"https:\/\/perspectiv.org\/vudici\/wp-json\/wp\/v2\/posts\/1371\/revisions"}],"predecessor-version":[{"id":1738,"href":"https:\/\/perspectiv.org\/vudici\/wp-json\/wp\/v2\/posts\/1371\/revisions\/1738"}],"wp:featuredmedia":[{"embeddable":true,"href":"https:\/\/perspectiv.org\/vudici\/wp-json\/wp\/v2\/media\/1739"}],"wp:attachment":[{"href":"https:\/\/perspectiv.org\/vudici\/wp-json\/wp\/v2\/media?parent=1371"}],"wp:term":[{"taxonomy":"category","embeddable":true,"href":"https:\/\/perspectiv.org\/vudici\/wp-json\/wp\/v2\/categories?post=1371"},{"taxonomy":"post_tag","embeddable":true,"href":"https:\/\/perspectiv.org\/vudici\/wp-json\/wp\/v2\/tags?post=1371"}],"curies":[{"name":"wp","href":"https:\/\/api.w.org\/{rel}","templated":true}]}}