{"id":1382,"date":"2017-06-03T14:52:39","date_gmt":"2017-06-03T13:52:39","guid":{"rendered":"http:\/\/perspectiv.org\/vudici\/?p=1382"},"modified":"2018-11-21T11:14:09","modified_gmt":"2018-11-21T10:14:09","slug":"personne-ne-vous-entendra-crier","status":"publish","type":"post","link":"https:\/\/perspectiv.org\/vudici\/personne-ne-vous-entendra-crier\/","title":{"rendered":"Dans la for\u00eat, personne ne vous entendra crier"},"content":{"rendered":"<p style=\"text-align: justify;\">J&rsquo;en avais entendu parler. C&rsquo;est une histoire que l&rsquo;on murmure ici tout en jetant des coups d&rsquo;oeil inquiets par dessus son \u00e9paule. Il y aurait dans la for\u00eat un monstre. Malgr\u00e9 son apparence inoffensive de mousse, de bois et de lichens, il serait terrible et quiconque le croiserait&#8230;<\/p>\n<p style=\"text-align: justify;\"><!--more--><\/p>\n<p style=\"text-align: justify;\">Ce n&rsquo;est pas que je sois bien courageux, ni-m\u00eame aventurier et encore moins&nbsp;t\u00e9m\u00e9raire, mais je me devais d&rsquo;en avoir le coeur net. Ce monstre de la for\u00eat n&rsquo;\u00e9tait-il pas que le conte&nbsp;dont on alimentait les cauchemars des enfants, le fruit de ces \u00ab\u00a0histoires de bonne femme\u00a0\u00bb\u00b9 pour effrayer le touriste et, \u00e9go\u00efstement, le tenir \u00e9loigner de cette terre si belle ?<\/p>\n<p style=\"text-align: justify;\">Il me fallait savoir : je n&rsquo;en dormais plus, et j&rsquo;avais d\u00e9finitivement perdu le peu de go\u00fbt qu&rsquo;il me restait du sommeil.<\/p>\n<p style=\"text-align: justify;\">Alors, je partis. Je marchai longtemps dans la for\u00eat. Il faisait si chaud que je crus un instant \u00eatre plong\u00e9 dans les gouffres de l&rsquo;enfer, la sueur perlait et me piquait les yeux. Je ne renon\u00e7ai pas&#8230;<\/p>\n<p style=\"text-align: justify;\">Soudain, je l&rsquo;aper\u00e7us et j&rsquo;en fus saisi. Le souffle court, j&rsquo;\u00e9tais t\u00e9tanis\u00e9 et je ne savais plus si je devais prendre mes jambes \u00e0 mon cou pour fuir le plus loin possible ou simplement attendre le terrible sort que l&rsquo;on m&rsquo;avait promis si je venais \u00e0 le croiser.<\/p>\n<p style=\"text-align: justify;\">Il \u00e9tait l\u00e0, immobile. Le museau \u00e0 l&rsquo;air, il me semblait qu&rsquo;il m&rsquo;avait d\u00e9j\u00e0 rep\u00e9r\u00e9, qu&rsquo;il humait mon odeur. Je m&rsquo;attendai \u00e0 chaque seconde, et dans l&rsquo;\u00e9ternit\u00e9 de leur d\u00e9compte, \u00e0 ce qu&rsquo;il tourne la t\u00eate. Et puisque cela devait \u00eatre ma fin prochaine, je ne serais pas venu pour rien. Peut-\u00eatre quelqu&rsquo;un retrouverait-il mon appareil ? Et alors le monde saurait.<\/p>\n<p style=\"text-align: justify;\">Je d\u00e9clenchai et, sans demander mon reste, d\u00e9guerpis aussi vite que mes jambes flageolantes me le permettaient. Il me semblait l&rsquo;entendre \u00e0 mes trousses, sentir son&nbsp;haleine humeuse pesait sur mes \u00e9paules et ralentir chacune des enjamb\u00e9es. Au moment ou j&rsquo;\u00e9tais persuad\u00e9 qu&rsquo;il allait poser ses griffes sur mon dos, je tr\u00e9buchai sur une souche et ma t\u00eate frappa durement le sol&#8230;<\/p>\n<p style=\"text-align: justify;\">Je me suis r\u00e9veill\u00e9 en sursaut. Encore un nuit d&rsquo;insomnie me suis-je dit dans le court laps de temps avant que ne me revienne en m\u00e9moire ma chute. Pourtant, j&rsquo;\u00e9tais dans mon lit, ma montre indiquait 3h44. Tout \u00e9tait silencieux. Je me t\u00e2tai tout le corps, cherchant des blessures que je ne trouvai pas. Un cauchemar, me dis-je.<\/p>\n<p style=\"text-align: justify;\">J&rsquo;essayai de me rendormir en vain. Chaque fois que je fermais les yeux, me revenait le souvenir \u00e9m\u00e9tique du monstre de mon cauchemar, du monstre de la for\u00eat. Ce cauchemar avait eu l&rsquo;air si r\u00e9el. &nbsp;Je finis par me lever et saisir la carte m\u00e9moire de mon appareil photo. F\u00e9brile mais aussi un peu&nbsp;ridicule, &#8211; ce n&rsquo;\u00e9tait pas le premier cauchemar que je faisais, et je devrais savoir que ceux-ci ont toujours l&rsquo;air r\u00e9el &#8211;&nbsp;, j&rsquo;ins\u00e9rai la carte dans l&rsquo;ordinateur.<\/p>\n<p style=\"text-align: justify;\">Il \u00e9tait l\u00e0 ! Je suis terrifi\u00e9&#8230;<\/p>\n<p style=\"text-align: justify;\"><em>\u00b9que les f\u00e9ministes qui passeraient par l\u00e0 ne s&rsquo;\u00e9meuvent pas : cette expression consacr\u00e9e n&rsquo;a rien de sexiste, bonne&nbsp;\u00e9tant ici utilis\u00e9e dans le sens de vieille&#8230;&nbsp;<\/em><\/p>\n","protected":false},"excerpt":{"rendered":"<p>J&rsquo;en avais entendu parler. C&rsquo;est une histoire que l&rsquo;on murmure ici tout en jetant des coups d&rsquo;oeil inquiets par dessus son \u00e9paule. Il y aurait dans la for\u00eat un monstre. Malgr\u00e9 son apparence inoffensive de mousse, de bois et de lichens, il serait terrible et quiconque le croiserait&#8230;<\/p>\n","protected":false},"author":1,"featured_media":1692,"comment_status":"open","ping_status":"open","sticky":false,"template":"","format":"standard","meta":{"content-type":"","_mo_disable_npp":"","ngg_post_thumbnail":0,"jetpack_post_was_ever_published":false,"_jetpack_newsletter_access":"","_jetpack_dont_email_post_to_subs":false,"_jetpack_newsletter_tier_id":0,"_jetpack_memberships_contains_paywalled_content":false,"_jetpack_memberships_contains_paid_content":false,"footnotes":"","jetpack_publicize_message":"","jetpack_publicize_feature_enabled":true,"jetpack_social_post_already_shared":false,"jetpack_social_options":{"image_generator_settings":{"template":"highway","default_image_id":0,"font":"","enabled":false},"version":2}},"categories":[7],"tags":[154,157,93,156,155],"class_list":["post-1382","post","type-post","status-publish","format-standard","has-post-thumbnail","hentry","category-des-lieux-en-noir-et-blanc","tag-bois","tag-foret","tag-imagination","tag-lichen","tag-mousse","post-grid-2-col","entry"],"jetpack_publicize_connections":[],"jetpack_featured_media_url":"https:\/\/perspectiv.org\/vudici\/wp-content\/uploads\/2017\/06\/Le-monstre-de-la-fore\u0302t-1.jpg","jetpack_sharing_enabled":true,"jetpack_shortlink":"https:\/\/wp.me\/pataty-mi","jetpack-related-posts":[],"_links":{"self":[{"href":"https:\/\/perspectiv.org\/vudici\/wp-json\/wp\/v2\/posts\/1382","targetHints":{"allow":["GET"]}}],"collection":[{"href":"https:\/\/perspectiv.org\/vudici\/wp-json\/wp\/v2\/posts"}],"about":[{"href":"https:\/\/perspectiv.org\/vudici\/wp-json\/wp\/v2\/types\/post"}],"author":[{"embeddable":true,"href":"https:\/\/perspectiv.org\/vudici\/wp-json\/wp\/v2\/users\/1"}],"replies":[{"embeddable":true,"href":"https:\/\/perspectiv.org\/vudici\/wp-json\/wp\/v2\/comments?post=1382"}],"version-history":[{"count":8,"href":"https:\/\/perspectiv.org\/vudici\/wp-json\/wp\/v2\/posts\/1382\/revisions"}],"predecessor-version":[{"id":1734,"href":"https:\/\/perspectiv.org\/vudici\/wp-json\/wp\/v2\/posts\/1382\/revisions\/1734"}],"wp:featuredmedia":[{"embeddable":true,"href":"https:\/\/perspectiv.org\/vudici\/wp-json\/wp\/v2\/media\/1692"}],"wp:attachment":[{"href":"https:\/\/perspectiv.org\/vudici\/wp-json\/wp\/v2\/media?parent=1382"}],"wp:term":[{"taxonomy":"category","embeddable":true,"href":"https:\/\/perspectiv.org\/vudici\/wp-json\/wp\/v2\/categories?post=1382"},{"taxonomy":"post_tag","embeddable":true,"href":"https:\/\/perspectiv.org\/vudici\/wp-json\/wp\/v2\/tags?post=1382"}],"curies":[{"name":"wp","href":"https:\/\/api.w.org\/{rel}","templated":true}]}}