{"id":2040,"date":"2019-06-16T19:13:30","date_gmt":"2019-06-16T18:13:30","guid":{"rendered":"http:\/\/perspectiv.org\/vudici\/?p=2040"},"modified":"2019-06-17T20:14:33","modified_gmt":"2019-06-17T19:14:33","slug":"serendipite","status":"publish","type":"post","link":"https:\/\/perspectiv.org\/vudici\/serendipite\/","title":{"rendered":"S\u00e9rendipit\u00e9"},"content":{"rendered":"<p style=\"text-align: justify;\">Lorsque j&rsquo;\u00e9tais petit, et que j&rsquo;\u00e9tais attabl\u00e9 au petit d\u00e9jeuner, j&rsquo;occupais mon temps \u00e0 lire tout ce qui se trouvait sur les emballages des produits que je consommais.<\/p>\n<p style=\"text-align: justify;\">C&rsquo;est comme \u00e7a que je d\u00e9couvris l&rsquo;histoire des fr\u00e8res Kellogg et de leur d\u00e9couverte des c<em>orn flakes.&nbsp;&nbsp;<\/em>Connaissez-vous cette histoire ou auriez-vous seulement retenu de ce bon m\u00e9decin John Harvey Kellogg qu&rsquo;il \u00e9tait persuad\u00e9 que le moyen le plus s\u00fbr de lutter contre l&rsquo;onanisme \u00e9tait celui de manger des mets sans go\u00fbt ?&nbsp;<\/p>\n<p style=\"text-align: justify;\">C&rsquo;est donc \u00e0 la lecture d&rsquo;un paquet de <em>&nbsp;Corn Flakes<\/em> que j&rsquo;appris comment les fr\u00e8res Kellogg* d\u00e9couvrirent par la plus grande des \u00e9tourderies &#8211; ils avaient oubli\u00e9 du bl\u00e9 cuit dans leur cuisine &#8211; l&rsquo;app\u00e9tence de leurs patients pour les p\u00e9tales de bl\u00e9 cuit obtenus apr\u00e8s avoir pass\u00e9 ce bl\u00e9 durci dans des cylindres. Face au succ\u00e8s de cette premi\u00e8re recette, ils essay\u00e8rent avec des grains de ma\u00efs; les <em>corn flakes&nbsp;<\/em> \u00e9taient n\u00e9s. Et si cela vous int\u00e9resse, je confesse que ce n&rsquo;est que bien plus tard que je d\u00e9couvris que le but initial de leurs recherches \u00e9tait celui d&rsquo;un rem\u00e8de efficace au priapisme&#8230;<\/p>\n<p style=\"text-align: justify;\">Bref, les fr\u00e8res Kellogg \u00e9taient des \u00ab\u00a0s\u00e9rendipiteurs\u00a0\u00bb. Je reconnais le barbarisme et je vous vois d\u00e9j\u00e0 vous offusquer, ne vous ayant pas accoutum\u00e9 \u00e0 martyriser la langue.&nbsp; En bref, les fr\u00e8res Kellogg avaient trouv\u00e9 autre chose que ce qu&rsquo;ils cherchaient, et ce faisant, soit dit au passage, avaient rencontr\u00e9 la fortune. Ce sont en quelque sorte les Christophe Colomb du petit d\u00e9jeuner et peut-\u00eatre aurais-je du vous parler de Christophe Colomb (mais c&rsquo;eut \u00e9t\u00e9 alors bien plus difficile d&rsquo;\u00e9voquer la masturbation dans ce texte !).<\/p>\n<p style=\"text-align: justify;\">Arriv\u00e9 \u00e0 ce niveau de lecture, vous vous demandez certainement o\u00f9 je veux en arriver avec mes histoire de <em>corn flakes<\/em> et de d\u00e9couverte de l&rsquo;Am\u00e9rique&#8230; J&rsquo;y viens.<\/p>\n<p style=\"text-align: justify;\">Ce matin donc, je suis mont\u00e9 sur le <a href=\"https:\/\/perspectiv.org\/vudici\/moriturus-moriturae\/\">plateau <\/a>pour venir&nbsp; \u00e0 la rencontre du soleil. Je m&rsquo;y suis promen\u00e9, admirant et photographiant le brouillard qui couvrait la plaine de la Limagne.<\/p>\n<figure id=\"attachment_2042\">\n<p><figure id=\"attachment_2042\" aria-describedby=\"caption-attachment-2042\" style=\"width: 600px\" class=\"wp-caption alignnone\"><a href=\"https:\/\/perspectiv.org\/vudici\/wp-content\/uploads\/2019\/06\/Brumes.jpg\"><img loading=\"lazy\" decoding=\"async\" class=\"wp-image-2042\" src=\"https:\/\/perspectiv.org\/vudici\/wp-content\/uploads\/2019\/06\/Brumes-300x127.jpg\" alt=\"\" width=\"600\" height=\"254\" srcset=\"https:\/\/perspectiv.org\/vudici\/wp-content\/uploads\/2019\/06\/Brumes-300x127.jpg 300w, https:\/\/perspectiv.org\/vudici\/wp-content\/uploads\/2019\/06\/Brumes-768x325.jpg 768w, https:\/\/perspectiv.org\/vudici\/wp-content\/uploads\/2019\/06\/Brumes.jpg 900w\" sizes=\"auto, (max-width: 600px) 100vw, 600px\" \/><\/a><figcaption id=\"caption-attachment-2042\" class=\"wp-caption-text\">Brumes sur la Limagne<\/figcaption><\/figure><\/figure>\n<p style=\"text-align: justify;\">Un peu plus loin, il y avait une mer de nuages et de brumes prisonni\u00e8re des premiers contreforts des monts du Forez. Elle \u00e9tait magnifique, la lumi\u00e8re illuminant les nuages entre les ombres encore allong\u00e9es qu&rsquo;un soleil naissant dessinait.<\/p>\n<p style=\"text-align: justify;\">Je cherchais une composition et me r\u00e9signais \u00e0 garder celle que vous avez d\u00e9couvert avec ce billet. Je n&rsquo;en \u00e9tais que mod\u00e9r\u00e9ment satisfait. Et pourtant !<\/p>\n<p style=\"text-align: justify;\">Moi qui ne pensais qu&rsquo;avoir saisi une mer de nuages, j&rsquo;eus la joie de d\u00e9couvrir au moment de transf\u00e9rer les photos dans mon logiciel de traitement, de surcroit baign\u00e9 de soleil, un clocher \u00e9mergeant de la brume. La chance m&rsquo;avait souri, le d\u00e9veloppement ferait le reste.&nbsp;<\/p>\n<blockquote><p>Apprenez-donc qu&rsquo;en trente-trois jours je suis arriv\u00e9 aux Indes avec l&rsquo;armada que me donn\u00e8rent mes illustres seigneurs, le roi et la reine. J&rsquo;y ai trouv\u00e9 de nombreuses \u00eeles dont j&rsquo;ai pris possession&nbsp; au nom de Leurs Altesses par proclamation et en faisant d\u00e9ployer l&rsquo;\u00e9tendard royal. [&#8230;] Ces \u00eeles sont tr\u00e8s belles, de contours vari\u00e9s, tr\u00e8s p\u00e9n\u00e9trables, recouvertes de mille sortes d&rsquo;arbres majestueux qui paraissent toucher le ciel. Je crois bien que jamais ils ne perdent leurs feuilles, car je les ai vus aussi verts et beaux que ne le sont les arbres au mois de mai en Espagne<\/p>\n<h2 style=\"padding-left: 60px;\"><strong>Christophe Colomb<\/strong><\/h2>\n<p style=\"padding-left: 90px;\"><strong>Lettre destin\u00e9e aux Rois catholiques d&rsquo;Espagne, 1493<\/strong><\/p>\n<\/blockquote>\n<p>*les fr\u00e8res Kellogg \u00e9taient en effet deux : <a href=\"https:\/\/fr.wikipedia.org\/wiki\/John_Harvey_Kellogg\">John Harvey<\/a> et <a href=\"https:\/\/fr.wikipedia.org\/wiki\/Will_Keith_Kellogg\">Will Keith<\/a><\/p>\n<p>&nbsp;<\/p>\n<p>&nbsp;<\/p>\n<p>&nbsp;<\/p>\n<p>&nbsp;<\/p>\n<p>&nbsp;<\/p>\n<p>&nbsp;<\/p>\n","protected":false},"excerpt":{"rendered":"<p>Lorsque j&rsquo;\u00e9tais petit, et que j&rsquo;\u00e9tais attabl\u00e9 au petit d\u00e9jeuner, j&rsquo;occupais mon temps \u00e0 lire tout ce qui se trouvait sur les emballages des produits que je consommais. C&rsquo;est comme \u00e7a que je d\u00e9couvris l&rsquo;histoire des fr\u00e8res Kellogg et de leur d\u00e9couverte des corn flakes.&nbsp;&nbsp;Connaissez-vous cette histoire ou auriez-vous seulement retenu de ce bon m\u00e9decin&hellip;<\/p>\n","protected":false},"author":1,"featured_media":2041,"comment_status":"open","ping_status":"open","sticky":false,"template":"","format":"standard","meta":{"content-type":"","_mo_disable_npp":"","ngg_post_thumbnail":0,"jetpack_post_was_ever_published":false,"_jetpack_newsletter_access":"","_jetpack_dont_email_post_to_subs":false,"_jetpack_newsletter_tier_id":0,"_jetpack_memberships_contains_paywalled_content":false,"_jetpack_memberships_contains_paid_content":false,"footnotes":"","jetpack_publicize_message":"","jetpack_publicize_feature_enabled":true,"jetpack_social_post_already_shared":true,"jetpack_social_options":{"image_generator_settings":{"template":"highway","default_image_id":0,"font":"","enabled":false},"version":2}},"categories":[35],"tags":[150,37,38,147],"class_list":["post-2040","post","type-post","status-publish","format-standard","has-post-thumbnail","hentry","category-ailleurs-en-couleurs","tag-brume","tag-eglise","tag-lumiere","tag-nuages","post-grid-2-col","entry"],"jetpack_publicize_connections":[],"jetpack_featured_media_url":"https:\/\/perspectiv.org\/vudici\/wp-content\/uploads\/2019\/06\/Se\u0301rendipite\u0301.jpg","jetpack_sharing_enabled":true,"jetpack_shortlink":"https:\/\/wp.me\/pataty-wU","jetpack-related-posts":[],"_links":{"self":[{"href":"https:\/\/perspectiv.org\/vudici\/wp-json\/wp\/v2\/posts\/2040","targetHints":{"allow":["GET"]}}],"collection":[{"href":"https:\/\/perspectiv.org\/vudici\/wp-json\/wp\/v2\/posts"}],"about":[{"href":"https:\/\/perspectiv.org\/vudici\/wp-json\/wp\/v2\/types\/post"}],"author":[{"embeddable":true,"href":"https:\/\/perspectiv.org\/vudici\/wp-json\/wp\/v2\/users\/1"}],"replies":[{"embeddable":true,"href":"https:\/\/perspectiv.org\/vudici\/wp-json\/wp\/v2\/comments?post=2040"}],"version-history":[{"count":15,"href":"https:\/\/perspectiv.org\/vudici\/wp-json\/wp\/v2\/posts\/2040\/revisions"}],"predecessor-version":[{"id":2058,"href":"https:\/\/perspectiv.org\/vudici\/wp-json\/wp\/v2\/posts\/2040\/revisions\/2058"}],"wp:featuredmedia":[{"embeddable":true,"href":"https:\/\/perspectiv.org\/vudici\/wp-json\/wp\/v2\/media\/2041"}],"wp:attachment":[{"href":"https:\/\/perspectiv.org\/vudici\/wp-json\/wp\/v2\/media?parent=2040"}],"wp:term":[{"taxonomy":"category","embeddable":true,"href":"https:\/\/perspectiv.org\/vudici\/wp-json\/wp\/v2\/categories?post=2040"},{"taxonomy":"post_tag","embeddable":true,"href":"https:\/\/perspectiv.org\/vudici\/wp-json\/wp\/v2\/tags?post=2040"}],"curies":[{"name":"wp","href":"https:\/\/api.w.org\/{rel}","templated":true}]}}