{"id":2063,"date":"2019-09-01T15:23:57","date_gmt":"2019-09-01T14:23:57","guid":{"rendered":"http:\/\/perspectiv.org\/vudici\/?p=2063"},"modified":"2019-09-01T15:41:02","modified_gmt":"2019-09-01T14:41:02","slug":"du-voyeurisme-ou-de-la-mise-en-abime-photographique","status":"publish","type":"post","link":"https:\/\/perspectiv.org\/vudici\/du-voyeurisme-ou-de-la-mise-en-abime-photographique\/","title":{"rendered":"Du voyeurisme ou de la mise en ab\u00eeme photographique"},"content":{"rendered":"<p style=\"text-align: justify;\">Je vous ai d\u00e9j\u00e0 dit combien la <a href=\"https:\/\/perspectiv.org\/vudici\/jour-de-plage\/\" target=\"_blank\" rel=\"noopener noreferrer\">plage,<\/a> entendue comme activit\u00e9 estivale, \u00e9tait pour moi d&rsquo;un mortel ennui. C&rsquo;est donc souvent un endroit o\u00f9 je ne m&rsquo;attarde gu\u00e8re sauf \u00e0 ce que la contrainte paternelle ne m&rsquo;oblige \u00e0 m&rsquo;y adonner \u00e0 la surveillance de mes bambins&#8230;<\/p>\n<p style=\"text-align: justify;\">Et donc j&rsquo;y suis \u00e9videmment avec un appareil photo. Ce ne fut pas le cas ce jour-l\u00e0 car je n&rsquo;avais pas envisag\u00e9 que nous y restions : nous \u00e9tions partis pour une balade \u00e0 v\u00e9lo et l&rsquo;arr\u00eat \u00e0 la plage, s&rsquo;il avait \u00e9t\u00e9 mentionn\u00e9, n&rsquo;\u00e9tait pas envisag\u00e9 comme devant durer. Bien s\u00fbr, c&rsquo;\u00e9tait oublier un peu vite l&rsquo;inconstance infantile.<\/p>\n<p style=\"text-align: justify;\">Me voil\u00e0 donc, par ce dimanche apr\u00e8s-midi, arriv\u00e9 sur une plage o\u00f9 Ad\u00e8le a d\u00e9cid\u00e9 de faire un stop plus long que pr\u00e9vu. Maillot de bain rev\u00eatu, elle est partie se tremper puis jouer dans le sable. La pause va \u00eatre longue mais j&rsquo;ai r\u00e9ussi \u00e0 d\u00e9l\u00e9guer \u00e0 sa m\u00e8re d&rsquo;accompagner la petite demoiselle.<\/p>\n<p style=\"text-align: justify;\">Je reste donc \u00e0 l&rsquo;ombre et j&rsquo;ai bien rep\u00e9r\u00e9, d\u00e8s mon arriv\u00e9e, ce couple de personnes \u00e2g\u00e9es assises \u00e0 l&rsquo;ombre sur leurs chaises de plage. J&rsquo;ai \u00e9galement vu le titre de cette revue que la dame est en train de lire et qui m&rsquo;a donn\u00e9 quelques indices sur quel pouvait \u00eatre le nom de la feuille de chou : <em>Gala, D\u00e9tective, Voici&#8230;&nbsp;&nbsp;<\/em>Et comme souvent, mon cerveau s&rsquo;est mis en mouvement : je me suis demand\u00e9 comment on pouvait trouver un int\u00e9r\u00eat \u00e0 un article sous-titr\u00e9 \u00ab\u00a0<em>personne ne sait que je suis une ancienne ob\u00e8se\u00a0\u00bb,&nbsp;<\/em> je me suis laiss\u00e9 emporter&nbsp; par une forme de m\u00e9pris pour ce voyeurisme &#8211; je reconnais ce sentiment qui ne m&rsquo;honore gu\u00e8re et tr\u00e8s jugeant \u00e0 l&rsquo;\u00e9gard d&rsquo;une dame que je ne connais point &#8211; &#8230; Ah ! le voyeurisme c&rsquo;est le mal auquel des personnes de peu d&rsquo;esprit se laissent aller, c&rsquo;est le d\u00e9but de toutes les perversions, ne manquais-je pas de me dire !<\/p>\n<p style=\"text-align: justify;\">Mais surtout je regrettais de ne pas avoir mon appareil photo car je trouvais qu&rsquo;il y avait un moment int\u00e9ressant. Un clin d&rsquo;oeil \u00e0 l&rsquo;oeuvre de Martin Parr, actuellement expos\u00e9e \u00e0 l&rsquo;H\u00f4tel Fontfreyde de Clermont-Ferrand.&nbsp; Pourtant j&rsquo;en avais un d&rsquo;appareil photo : celui dont dor\u00e9navant beaucoup se servent, au d\u00e9triment des <em>vrais<\/em> appareils : mon t\u00e9l\u00e9phone. Mais je ne m&rsquo;en sers que tr\u00e8s rarement \u00e0 cette fin de <em>vraies&nbsp;<\/em> photos, plut\u00f4t comme pense-b\u00eate visuel (ma place de parking, le num\u00e9ro d&rsquo;un jeton de vestiaire, le titre d&rsquo;un livre&#8230;).<\/p>\n<p style=\"text-align: justify;\">&nbsp;Je me saisis de mon t\u00e9l\u00e9phone en me disant que je recadrerai ensuite. Je compose mon image en ayant \u00e0 l&rsquo;id\u00e9e ce recadrage, fait la mise au point et clic !<\/p>\n<p style=\"text-align: justify;\">En fait plut\u00f4t claque ! Comme celle que mon cerveau, qui continuait de divaguer, venait de m&rsquo;infliger :<\/p>\n<blockquote><p>Eh ben mon salaud ! Je croyais que le voyeurisme c&rsquo;\u00e9tait le mal, p\u00e8re de toutes les perversions ! T&rsquo;as pas mal&nbsp; !&nbsp; Tu fais quoi, l\u00e0 ?&nbsp; Ah oui mais non, je t&rsquo;entends d\u00e9j\u00e0 arriver avec tes excuses path\u00e9tiques : toi c&rsquo;est de l&rsquo;art, c&rsquo;est le geste du photographe qui saisit l&rsquo;instant. Toi , tu vas me dire que c&rsquo;est tout le contraire&nbsp; de la bassesse du voyeurisme : c&rsquo;est&nbsp; l&rsquo;\u00e9l\u00e9vation d&rsquo;une haute d\u00e9marche&nbsp; intellectuelle&#8230; c&rsquo;est de la culture&#8230;<\/p><\/blockquote>\n<p style=\"text-align: justify;\">Je vous passe tout le reste de ce qu&rsquo;il me mit : j&rsquo;\u00e9tais un peu K.O. et groggy sous la puissance et la justesse de l&rsquo;attaque &#8211; il faut dire qu&rsquo;il me conna\u00eet bien !- et je reculais de quelques pas. Un peu confus, j&rsquo;allais m&rsquo;asseoir au pied d&rsquo;un arbre en attendant que femme et enfant ne me rejoignent et que nous repartions vers la poursuite de notre balade v\u00e9lo, moi encore honteux&nbsp; et cette citation de Houellebecq en t\u00eate :<\/p>\n<blockquote><p>C&rsquo;est dans le rapport \u00e0 autrui qu&rsquo;on prend conscience de soi ; c&rsquo;est bien ce qui rend le rapport \u00e0 autrui insupportable.&nbsp;<\/p>\n<h2 style=\"padding-left: 60px;\"><strong>Michel Houellebecq<\/strong><\/h2>\n<p style=\"padding-left: 90px;\"><strong>Plateforme<\/strong><\/p>\n<\/blockquote>\n","protected":false},"excerpt":{"rendered":"<p>Je vous ai d\u00e9j\u00e0 dit combien la plage, entendue comme activit\u00e9 estivale, \u00e9tait pour moi d&rsquo;un mortel ennui. C&rsquo;est donc souvent un endroit o\u00f9 je ne m&rsquo;attarde gu\u00e8re sauf \u00e0 ce que la contrainte paternelle ne m&rsquo;oblige \u00e0 m&rsquo;y adonner \u00e0 la surveillance de mes bambins&#8230; Et donc j&rsquo;y suis \u00e9videmment avec un appareil photo.&hellip;<\/p>\n","protected":false},"author":1,"featured_media":2070,"comment_status":"open","ping_status":"open","sticky":false,"template":"","format":"standard","meta":{"content-type":"","_mo_disable_npp":"","ngg_post_thumbnail":0,"jetpack_post_was_ever_published":false,"_jetpack_newsletter_access":"","_jetpack_dont_email_post_to_subs":false,"_jetpack_newsletter_tier_id":0,"_jetpack_memberships_contains_paywalled_content":false,"_jetpack_memberships_contains_paid_content":false,"footnotes":"","jetpack_publicize_message":"","jetpack_publicize_feature_enabled":true,"jetpack_social_post_already_shared":true,"jetpack_social_options":{"image_generator_settings":{"template":"highway","default_image_id":0,"font":"","enabled":false},"version":2}},"categories":[130],"tags":[211,142,212],"class_list":["post-2063","post","type-post","status-publish","format-standard","has-post-thumbnail","hentry","category-elle-lui-eux-en-couleurs","tag-lecture","tag-plage","tag-voyeur","post-grid-2-col","entry"],"jetpack_publicize_connections":[],"jetpack_featured_media_url":"https:\/\/perspectiv.org\/vudici\/wp-content\/uploads\/2019\/09\/Lecture-de-plage-3.jpg","jetpack_sharing_enabled":true,"jetpack_shortlink":"https:\/\/wp.me\/pataty-xh","jetpack-related-posts":[],"_links":{"self":[{"href":"https:\/\/perspectiv.org\/vudici\/wp-json\/wp\/v2\/posts\/2063","targetHints":{"allow":["GET"]}}],"collection":[{"href":"https:\/\/perspectiv.org\/vudici\/wp-json\/wp\/v2\/posts"}],"about":[{"href":"https:\/\/perspectiv.org\/vudici\/wp-json\/wp\/v2\/types\/post"}],"author":[{"embeddable":true,"href":"https:\/\/perspectiv.org\/vudici\/wp-json\/wp\/v2\/users\/1"}],"replies":[{"embeddable":true,"href":"https:\/\/perspectiv.org\/vudici\/wp-json\/wp\/v2\/comments?post=2063"}],"version-history":[{"count":8,"href":"https:\/\/perspectiv.org\/vudici\/wp-json\/wp\/v2\/posts\/2063\/revisions"}],"predecessor-version":[{"id":2075,"href":"https:\/\/perspectiv.org\/vudici\/wp-json\/wp\/v2\/posts\/2063\/revisions\/2075"}],"wp:featuredmedia":[{"embeddable":true,"href":"https:\/\/perspectiv.org\/vudici\/wp-json\/wp\/v2\/media\/2070"}],"wp:attachment":[{"href":"https:\/\/perspectiv.org\/vudici\/wp-json\/wp\/v2\/media?parent=2063"}],"wp:term":[{"taxonomy":"category","embeddable":true,"href":"https:\/\/perspectiv.org\/vudici\/wp-json\/wp\/v2\/categories?post=2063"},{"taxonomy":"post_tag","embeddable":true,"href":"https:\/\/perspectiv.org\/vudici\/wp-json\/wp\/v2\/tags?post=2063"}],"curies":[{"name":"wp","href":"https:\/\/api.w.org\/{rel}","templated":true}]}}