{"id":2145,"date":"2020-04-05T10:03:38","date_gmt":"2020-04-05T09:03:38","guid":{"rendered":"http:\/\/perspectiv.org\/vudici\/?p=2145"},"modified":"2021-02-12T13:00:58","modified_gmt":"2021-02-12T12:00:58","slug":"lincertitude","status":"publish","type":"post","link":"https:\/\/perspectiv.org\/vudici\/lincertitude\/","title":{"rendered":"L&rsquo;incertitude"},"content":{"rendered":"<p style=\"text-align: justify;\">Que les brumes sont de magnifiques alli\u00e9es du photographe.<\/p>\n<p style=\"text-align: justify;\">Elles estompent, dissimulent ou encore travestissent la r\u00e9alit\u00e9 et nous offrent des paysages oniriques. Souvent, au matin j&rsquo;esp\u00e8re que la brume ou le brouillard seront au rendez-vous et me permettront de red\u00e9couvrir des tableaux que, pourtant, je crois parfaitement conna\u00eetre&nbsp; pour les arpenter r\u00e9guli\u00e8rement.<\/p>\n<p style=\"text-align: justify;\">N&rsquo;\u00eates-vous, vous-m\u00eame, jamais tomb\u00e9 en admiration sur un trajet quotidien devant ce spectacle sublime de la brume se levant sur une prairie famili\u00e8re qui, irradi\u00e9e d&rsquo;une lumi\u00e8re diffuse et subtile, vous appara\u00eet alors magnifique ?<\/p>\n<p style=\"text-align: justify;\">Comme nombre d&rsquo;autres qui s&rsquo;adonnent \u00e0 la photographie de paysage, j&rsquo;ai en effet des attentes m\u00e9t\u00e9orologiques particuli\u00e8res : j&rsquo;appr\u00e9hende les ciels d&rsquo;un bleu limpide et pur et je les pr\u00e9f\u00e8re tourment\u00e9s ; je redoute la lumi\u00e8re intense et uniforme car j&rsquo;aspire \u00e0 des perc\u00e9es, \u00e0 des variations, \u00e0 ces pointes de lumi\u00e8re en nuances et d\u00e9grad\u00e9s. Tout ce qui au final me rapproche de la normalit\u00e9 , c&rsquo;est mon aversion du vent. Non pas parce qu&rsquo;il emm\u00eale les cheveux, je ne me sens pas concern\u00e9 ; pas plus parce qu&rsquo;il agresse les oreilles, une bonne capuche r\u00e9glant l&rsquo;affaire, mais parce qu&rsquo;il ne permet gu\u00e8re de prendre des photos convenables, du moins \u00e0 mon go\u00fbt.<\/p>\n<p><a href=\"https:\/\/perspectiv.org\/vudici\/wp-content\/uploads\/2020\/04\/7R_4613oct.-22-2019-Santrop.jpg\"><img loading=\"lazy\" decoding=\"async\" class=\"alignleft size-medium wp-image-2152\" src=\"https:\/\/perspectiv.org\/vudici\/wp-content\/uploads\/2020\/04\/7R_4613oct.-22-2019-Santrop-300x200.jpg\" alt=\"Paysage de brume\" width=\"300\" height=\"200\" srcset=\"https:\/\/perspectiv.org\/vudici\/wp-content\/uploads\/2020\/04\/7R_4613oct.-22-2019-Santrop-300x200.jpg 300w, https:\/\/perspectiv.org\/vudici\/wp-content\/uploads\/2020\/04\/7R_4613oct.-22-2019-Santrop-768x512.jpg 768w, https:\/\/perspectiv.org\/vudici\/wp-content\/uploads\/2020\/04\/7R_4613oct.-22-2019-Santrop.jpg 900w\" sizes=\"auto, (max-width: 300px) 100vw, 300px\" \/><\/a><\/p>\n<p style=\"text-align: justify;\">La brume donc, offre souvent des opportunit\u00e9s photographiques insoup\u00e7onn\u00e9es.<\/p>\n<p style=\"text-align: justify;\">Certes, le brouillard\u00b9 est fr\u00e9quemment source d&rsquo;inqui\u00e9tudes, et pas seulement lorsque jet\u00e9 sur l&rsquo;autoroute, on ne per\u00e7oit que trop tard, et le palpitant au bord de la surcharge, les feux arri\u00e8re de ce poids-lourd qui se tra\u00eene.<\/p>\n<p style=\"text-align: justify;\">Certes, le brouillard est l&rsquo;ingr\u00e9dient privil\u00e9gi\u00e9 de bien des films d&rsquo;horreur, par l&rsquo;atmosph\u00e8re pesante qu&rsquo;il cr\u00e9e.<\/p>\n<p style=\"text-align: justify;\">Derri\u00e8re la brume, c&rsquo;est en effet l&rsquo;incertitude qui pointe. Notre imagination peut alors s&rsquo;\u00e9panouir et des formes informes deviennent subitement, par des par\u00e9idolies terrifiantes, l&rsquo;expression de nos angoisses ou pour les plus optimistes, sous l&rsquo;effet de leurs pr\u00e9dispositions favorables, de formidables r\u00eaves \u00e9veill\u00e9s.<\/p>\n<p style=\"text-align: justify;\">Eh bien moi, bizarrement, alors que &#8211; ou peut-\u00eatre parce que &#8211; je suis plut\u00f4t d&rsquo;une nature anxieuse, j&rsquo;aime en photographie cette incertitude.<\/p>\n<blockquote><p>L&rsquo;incertitude est le pire de tous les maux jusqu&rsquo;au moment o\u00f9 la r\u00e9alit\u00e9 vient nous faire regretter l&rsquo;incertitude.&nbsp;<\/p>\n<h2 style=\"padding-left: 60px;\"><strong>Alphonse Karr<\/strong><\/h2>\n<p style=\"padding-left: 90px;\"><strong>Les gu\u00eapes<\/strong><\/p>\n<\/blockquote>\n<p style=\"text-align: justify;\"><span style=\"font-size: 80%;\">\u00b9 Minute scientifique : selon M\u00e9t\u00e9o-France, brume et brouillard sont un seul et m\u00eame ph\u00e9nom\u00e8ne, on parle de brume lorsque la visibilit\u00e9 est comprise entre 1 et 5 kilom\u00e8tres, de brouillard lorsqu&rsquo;elle est inf\u00e9rieure \u00e0 1 kilom\u00e8tre.<\/span><\/p>\n<p>&nbsp;<\/p>\n","protected":false},"excerpt":{"rendered":"<p>Que les brumes sont de magnifiques alli\u00e9es du photographe. Elles estompent, dissimulent ou encore travestissent la r\u00e9alit\u00e9 et nous offrent des paysages oniriques. Souvent, au matin j&rsquo;esp\u00e8re que la brume ou le brouillard seront au rendez-vous et me permettront de red\u00e9couvrir des tableaux que, pourtant, je crois parfaitement conna\u00eetre&nbsp; pour les arpenter r\u00e9guli\u00e8rement. N&rsquo;\u00eates-vous, vous-m\u00eame,&hellip;<\/p>\n","protected":false},"author":1,"featured_media":2146,"comment_status":"open","ping_status":"open","sticky":false,"template":"","format":"standard","meta":{"content-type":"","_mo_disable_npp":"","ngg_post_thumbnail":0,"jetpack_post_was_ever_published":false,"_jetpack_newsletter_access":"","_jetpack_dont_email_post_to_subs":false,"_jetpack_newsletter_tier_id":0,"_jetpack_memberships_contains_paywalled_content":false,"_jetpack_memberships_contains_paid_content":false,"footnotes":"","jetpack_publicize_message":"","jetpack_publicize_feature_enabled":true,"jetpack_social_post_already_shared":true,"jetpack_social_options":{"image_generator_settings":{"template":"highway","default_image_id":0,"font":"","enabled":false},"version":2}},"categories":[7],"tags":[222,150,223,221,214],"class_list":["post-2145","post","type-post","status-publish","format-standard","has-post-thumbnail","hentry","category-des-lieux-en-noir-et-blanc","tag-angoisse","tag-brume","tag-espoir","tag-incertitude","tag-lac","post-grid-2-col","entry"],"jetpack_publicize_connections":[],"jetpack_featured_media_url":"https:\/\/perspectiv.org\/vudici\/wp-content\/uploads\/2020\/04\/7R_4616oct.-22-2019-Santrop-1.jpg","jetpack_sharing_enabled":true,"jetpack_shortlink":"https:\/\/wp.me\/pataty-yB","jetpack-related-posts":[],"_links":{"self":[{"href":"https:\/\/perspectiv.org\/vudici\/wp-json\/wp\/v2\/posts\/2145","targetHints":{"allow":["GET"]}}],"collection":[{"href":"https:\/\/perspectiv.org\/vudici\/wp-json\/wp\/v2\/posts"}],"about":[{"href":"https:\/\/perspectiv.org\/vudici\/wp-json\/wp\/v2\/types\/post"}],"author":[{"embeddable":true,"href":"https:\/\/perspectiv.org\/vudici\/wp-json\/wp\/v2\/users\/1"}],"replies":[{"embeddable":true,"href":"https:\/\/perspectiv.org\/vudici\/wp-json\/wp\/v2\/comments?post=2145"}],"version-history":[{"count":26,"href":"https:\/\/perspectiv.org\/vudici\/wp-json\/wp\/v2\/posts\/2145\/revisions"}],"predecessor-version":[{"id":2270,"href":"https:\/\/perspectiv.org\/vudici\/wp-json\/wp\/v2\/posts\/2145\/revisions\/2270"}],"wp:featuredmedia":[{"embeddable":true,"href":"https:\/\/perspectiv.org\/vudici\/wp-json\/wp\/v2\/media\/2146"}],"wp:attachment":[{"href":"https:\/\/perspectiv.org\/vudici\/wp-json\/wp\/v2\/media?parent=2145"}],"wp:term":[{"taxonomy":"category","embeddable":true,"href":"https:\/\/perspectiv.org\/vudici\/wp-json\/wp\/v2\/categories?post=2145"},{"taxonomy":"post_tag","embeddable":true,"href":"https:\/\/perspectiv.org\/vudici\/wp-json\/wp\/v2\/tags?post=2145"}],"curies":[{"name":"wp","href":"https:\/\/api.w.org\/{rel}","templated":true}]}}