{"id":2231,"date":"2021-01-31T19:21:20","date_gmt":"2021-01-31T18:21:20","guid":{"rendered":"http:\/\/perspectiv.org\/vudici\/?p=2231"},"modified":"2021-02-11T19:52:16","modified_gmt":"2021-02-11T18:52:16","slug":"nostalgie-de-la-lumiere","status":"publish","type":"post","link":"https:\/\/perspectiv.org\/vudici\/nostalgie-de-la-lumiere\/","title":{"rendered":"Nostalgie de la lumi\u00e8re"},"content":{"rendered":"<p style=\"text-align: justify;\">Il pleut, tant et tant.<\/p>\n<p style=\"text-align: justify;\">Cette bruine est si laide qu&rsquo;elle ne donne envie de rien. Quant \u00e0 la terre, d\u00e9tremp\u00e9e, elle hurle son d\u00e9sespoir dans des larmes de boue qui inondent tout. Les gouttes s&rsquo;accrochent d\u00e9sesp\u00e9r\u00e9ment aux arbres&nbsp; avant de d\u00e9gringoler bruyamment dans le silence d&rsquo;un dimanche sans fin.<\/p>\n<p style=\"text-align: justify;\">L&rsquo;appareil n&rsquo;est pas sorti depuis longtemps. Bient\u00f4t nous serons remis sous cloche, accompagn\u00e9s de quelques sachets de naphtaline pour ne pas finir rong\u00e9s, d\u00e9vor\u00e9s de l&rsquo;int\u00e9rieur par les mites affam\u00e9es de nos d\u00e9pressions.<\/p>\n<p style=\"text-align: justify;\">Heureusement, il me reste la nostalgie.<\/p>\n<figure id=\"attachment_2234\" aria-describedby=\"caption-attachment-2234\" style=\"width: 300px\" class=\"wp-caption alignleft\"><a href=\"https:\/\/perspectiv.org\/vudici\/wp-content\/uploads\/2021\/01\/L1022468janv.-17-2021-1.jpg\"><img loading=\"lazy\" decoding=\"async\" class=\"wp-image-2234 size-medium\" src=\"https:\/\/perspectiv.org\/vudici\/wp-content\/uploads\/2021\/01\/L1022468janv.-17-2021-1-300x300.jpg\" alt=\"un arbre poussant dans l'eau\" width=\"300\" height=\"300\" srcset=\"https:\/\/perspectiv.org\/vudici\/wp-content\/uploads\/2021\/01\/L1022468janv.-17-2021-1-300x300.jpg 300w, https:\/\/perspectiv.org\/vudici\/wp-content\/uploads\/2021\/01\/L1022468janv.-17-2021-1-150x150.jpg 150w, https:\/\/perspectiv.org\/vudici\/wp-content\/uploads\/2021\/01\/L1022468janv.-17-2021-1-768x768.jpg 768w, https:\/\/perspectiv.org\/vudici\/wp-content\/uploads\/2021\/01\/L1022468janv.-17-2021-1.jpg 1024w\" sizes=\"auto, (max-width: 300px) 100vw, 300px\" \/><\/a><figcaption id=\"caption-attachment-2234\" class=\"wp-caption-text\">Des racines submerg\u00e9es d&rsquo;eau<\/figcaption><\/figure>\n<p style=\"text-align: justify;\">Alors, je me replonge dans mes photos, esp\u00e9rant y puiser un peu de l&rsquo;\u00e9nergie qui me manque quand la lumi\u00e8re s&rsquo;est enfuie.<\/p>\n<p style=\"text-align: justify;\">J&rsquo;entr&rsquo;aper\u00e7ois celle-l\u00e0, bien sombre, qui correspondrait bien \u00e0 l&rsquo;ambiance du jour. Je lutte contre cette m\u00e9lancolie naturelle qui m&rsquo;\u00e9treint trop souvent. Elle ne m&#8217;emportera pas aujourd&rsquo;hui.<\/p>\n<p style=\"text-align: justify;\">Je repars \u00e0 la recherche de la lumi\u00e8re. De la lumi\u00e8re et des contrastes, voil\u00e0 ce que je suis venu chercher dans ma collection de photos toujours plus nombreuses. Elles sont si nombreuses ; et pourtant trop rares sont celles qui feraient de moi le photographe auquel j&rsquo;aspire. Gribouillage de pixels sans \u00e9motion, elles ne servent qu&rsquo;\u00e0 remplir des octets de disques durs, ogres num\u00e9riques de mes d\u00e9clics compulsifs.<\/p>\n<p style=\"text-align: justify;\">Je vais, dans le d\u00e9dale de mes fichiers, vers le lac. Je sais qu&rsquo;au lac, j&rsquo;ai eu souvent du soleil, je m&rsquo;en souviens. Il y aura de l&rsquo;eau aussi, c&rsquo;est certain. Mais elle sera d\u00e9j\u00e0 \u00e0 terre, inoffensive et contenue.<\/p>\n<p style=\"text-align: justify;\">Celle-ci me pla\u00eet bien.<\/p>\n<p style=\"text-align: justify;\">J&rsquo;aime ce ciel contrast\u00e9, cette plage avec des gens qui s&rsquo;y prom\u00e8nent, ces t\u00e2ches de lumi\u00e8re, ces arbres majestueux. Elle a un c\u00f4t\u00e9 <a href=\"https:\/\/loeildelaphotographie.com\/en\/event\/harry-gruyaert-rivages\/\">Harry Gruyaert <\/a>; le talent n&rsquo;est certes pas le m\u00eame mais elle m&rsquo;y fait penser, surtout apr\u00e8s que je lui ai rajout\u00e9 ce grain argentique.<\/p>\n<p style=\"text-align: justify;\">Oui, elle me console cette photo, elle m&rsquo;inspire. Je pourrais m\u00eame peut-\u00eatre en faire un texte pour mon blog. Cela tuera le temps et qu&rsquo;importe l&rsquo;\u00e9ternit\u00e9.<\/p>\n<blockquote><p>Comme si l&rsquo;on pouvait tuer le temps sans en aucune mani\u00e8re meurtrir l&rsquo;\u00e9ternit\u00e9.<\/p>\n<h2 style=\"padding-left: 60px;\"><strong>Henry David Thoreau<\/strong><\/h2>\n<p style=\"padding-left: 90px;\"><strong>Walden<\/strong><\/p>\n<\/blockquote>\n<p>&nbsp;<\/p>\n<p style=\"text-align: justify;\">N.B. : le titre de ce billet est emprunt\u00e9 au magnifique film\/documentaire de Patricio Guzman &#8211;&nbsp;<em>Nostalgie de la lumi\u00e8re &#8211; <\/em>accessible en VOD sur la plate-forme <a href=\"https:\/\/www.universcine.com\/films\/nostalgie-de-la-lumiere\">Universcin\u00e9<\/a><\/p>\n","protected":false},"excerpt":{"rendered":"<p>Il pleut, tant et tant. Cette bruine est si laide qu&rsquo;elle ne donne envie de rien. Quant \u00e0 la terre, d\u00e9tremp\u00e9e, elle hurle son d\u00e9sespoir dans des larmes de boue qui inondent tout. Les gouttes s&rsquo;accrochent d\u00e9sesp\u00e9r\u00e9ment aux arbres&nbsp; avant de d\u00e9gringoler bruyamment dans le silence d&rsquo;un dimanche sans fin. L&rsquo;appareil n&rsquo;est pas sorti depuis&hellip;<\/p>\n","protected":false},"author":1,"featured_media":2232,"comment_status":"open","ping_status":"open","sticky":false,"template":"","format":"standard","meta":{"content-type":"","_mo_disable_npp":"","ngg_post_thumbnail":0,"jetpack_post_was_ever_published":false,"_jetpack_newsletter_access":"","_jetpack_dont_email_post_to_subs":false,"_jetpack_newsletter_tier_id":0,"_jetpack_memberships_contains_paywalled_content":false,"_jetpack_memberships_contains_paid_content":false,"footnotes":"","jetpack_publicize_message":"","jetpack_publicize_feature_enabled":true,"jetpack_social_post_already_shared":true,"jetpack_social_options":{"image_generator_settings":{"template":"highway","default_image_id":0,"font":"","enabled":false},"version":2}},"categories":[35],"tags":[166,117,214,38,86,147,142],"class_list":["post-2231","post","type-post","status-publish","format-standard","has-post-thumbnail","hentry","category-ailleurs-en-couleurs","tag-arbre","tag-ciel","tag-lac","tag-lumiere","tag-nostalgie","tag-nuages","tag-plage","post-grid-2-col","entry"],"jetpack_publicize_connections":[],"jetpack_featured_media_url":"https:\/\/perspectiv.org\/vudici\/wp-content\/uploads\/2021\/01\/7R_7724de\u0301c.-20-2020.jpg","jetpack_sharing_enabled":true,"jetpack_shortlink":"https:\/\/wp.me\/pataty-zZ","jetpack-related-posts":[],"_links":{"self":[{"href":"https:\/\/perspectiv.org\/vudici\/wp-json\/wp\/v2\/posts\/2231","targetHints":{"allow":["GET"]}}],"collection":[{"href":"https:\/\/perspectiv.org\/vudici\/wp-json\/wp\/v2\/posts"}],"about":[{"href":"https:\/\/perspectiv.org\/vudici\/wp-json\/wp\/v2\/types\/post"}],"author":[{"embeddable":true,"href":"https:\/\/perspectiv.org\/vudici\/wp-json\/wp\/v2\/users\/1"}],"replies":[{"embeddable":true,"href":"https:\/\/perspectiv.org\/vudici\/wp-json\/wp\/v2\/comments?post=2231"}],"version-history":[{"count":12,"href":"https:\/\/perspectiv.org\/vudici\/wp-json\/wp\/v2\/posts\/2231\/revisions"}],"predecessor-version":[{"id":2245,"href":"https:\/\/perspectiv.org\/vudici\/wp-json\/wp\/v2\/posts\/2231\/revisions\/2245"}],"wp:featuredmedia":[{"embeddable":true,"href":"https:\/\/perspectiv.org\/vudici\/wp-json\/wp\/v2\/media\/2232"}],"wp:attachment":[{"href":"https:\/\/perspectiv.org\/vudici\/wp-json\/wp\/v2\/media?parent=2231"}],"wp:term":[{"taxonomy":"category","embeddable":true,"href":"https:\/\/perspectiv.org\/vudici\/wp-json\/wp\/v2\/categories?post=2231"},{"taxonomy":"post_tag","embeddable":true,"href":"https:\/\/perspectiv.org\/vudici\/wp-json\/wp\/v2\/tags?post=2231"}],"curies":[{"name":"wp","href":"https:\/\/api.w.org\/{rel}","templated":true}]}}