{"id":2247,"date":"2021-02-11T21:55:51","date_gmt":"2021-02-11T20:55:51","guid":{"rendered":"http:\/\/perspectiv.org\/vudici\/?p=2247"},"modified":"2021-02-12T12:49:40","modified_gmt":"2021-02-12T11:49:40","slug":"fauteurs-de-pluie","status":"publish","type":"post","link":"https:\/\/perspectiv.org\/vudici\/fauteurs-de-pluie\/","title":{"rendered":"Fauteurs de pluie"},"content":{"rendered":"<p style=\"text-align: justify;\">Ce sont eux les coupables.<\/p>\n<p style=\"text-align: justify;\">Je les aime bien pourtant ; je vais souvent les voir pour les photographier. Apr\u00e8s tout, pourquoi ne pourrait-on pas \u00eatre coupables et magnifiques ? Il y en a tellement qui sont innocents mais laids.<\/p>\n<p style=\"text-align: justify;\">Au d\u00e9but, je refusais d&rsquo;y croire. Mais puisque de toute fa\u00e7on, aujourd&rsquo;hui, chacun a droit \u00e0 sa v\u00e9rit\u00e9. Et tant pis si elle est diff\u00e9rente de celle de son voisin ou de sa voisine. Il suffit de la clamer, sa v\u00e9rit\u00e9, pour qu&rsquo;elle le devienne. Apr\u00e8s, si on l&rsquo;a dit assez souvent, assez fort, ou avec suffisamment de conviction, les autres l&rsquo;acclameront. C&rsquo;est ainsi !<\/p>\n<p style=\"text-align: justify;\">Au d\u00e9but, c&rsquo;est un peu dur \u00e0 croire, je le reconnais.<\/p>\n<p style=\"text-align: justify;\">Mais au final &#8211; et un peu au d\u00e9but aussi, hein !, c&rsquo;est l\u00e0 le malheur de l&rsquo;humanit\u00e9 &#8211; ne nous a-t-on pas dit qu&rsquo;il fallait croire ?<\/p>\n<p style=\"text-align: justify;\">D&rsquo;autant que la science l&rsquo;aurait reconnu. Y a pas plus vraie qu&rsquo;une v\u00e9rit\u00e9 scientifique, non ? Celle-l\u00e0 de v\u00e9rit\u00e9, elle vaut pour le grincheux du 3\u00e8me comme pour la m\u00e9g\u00e8re du rez-de-chauss\u00e9e. Elle est absolue, comme v\u00e9rit\u00e9 car elle est sci-en-ti-fi-que !<\/p>\n<p style=\"text-align: justify;\">Cette absolue v\u00e9rit\u00e9 &#8211; ce qui, soit dit en passant, tend \u00e0 prouver que des v\u00e9rit\u00e9s moins absolues peuvent \u00eatre fausses -, cette v\u00e9rit\u00e9 absolue, car scientifique donc, nous avait \u00e9t\u00e9 d\u00e9montr\u00e9e par des experts exp\u00e9riment\u00e9s avec force exp\u00e9riences.<\/p>\n<p style=\"text-align: justify;\">Apr\u00e8s, certains n&rsquo;y croyaient pas : ils avaient per\u00e7u, chez le scientifique, ce c\u00f4t\u00e9 bonimenteur du gars du march\u00e9 qui essaie de vous vendre ses couteaux ou sa cr\u00e8me \u00e0 r\u00e9curer les casseroles (c&rsquo;est selon) comme d&rsquo;autres leurs th\u00e9ories \u00ab\u00a0qu&rsquo;elle est mieux que celle du voisin\u00a0\u00bb. Apr\u00e8s c&rsquo;est vrai qu&rsquo;il y a des scientifiques qui m\u00eame aur\u00e9ol\u00e9s d&rsquo;un prix Nobel sont capables de d\u00e9biter des \u00e2neries, du genre que \u00ab\u00a0l&rsquo;eau a de la m\u00e9moire\u00a0\u00bb&#8230; Ou cet autre \u00e9minent en chaire d&rsquo;une ch\u00e8re universit\u00e9 qui nous a expliqu\u00e9 qu&rsquo;Oumuamua, \u00ab\u00a0\u00e7a doit \u00eatre quelque chose d&rsquo;extraterrestre parce que toutes les explications naturelles ne marchent pas\u00a0\u00bb.<\/p>\n<p style=\"text-align: justify;\">Bon bref, je vois bien que&nbsp; sous l&rsquo;excitation, je m&rsquo;\u00e9gare.<\/p>\n<figure id=\"attachment_2251\" aria-describedby=\"caption-attachment-2251\" style=\"width: 300px\" class=\"wp-caption alignleft\"><a href=\"https:\/\/perspectiv.org\/vudici\/wp-content\/uploads\/2021\/02\/L1022540fe\u0301vr.-11-2021.jpg\"><img loading=\"lazy\" decoding=\"async\" class=\"wp-image-2251 size-medium\" src=\"https:\/\/perspectiv.org\/vudici\/wp-content\/uploads\/2021\/02\/L1022540fe\u0301vr.-11-2021-300x240.jpg\" alt=\"des arbres couvert de mousses\" width=\"300\" height=\"240\" srcset=\"https:\/\/perspectiv.org\/vudici\/wp-content\/uploads\/2021\/02\/L1022540fe\u0301vr.-11-2021-300x240.jpg 300w, https:\/\/perspectiv.org\/vudici\/wp-content\/uploads\/2021\/02\/L1022540fe\u0301vr.-11-2021-768x614.jpg 768w, https:\/\/perspectiv.org\/vudici\/wp-content\/uploads\/2021\/02\/L1022540fe\u0301vr.-11-2021.jpg 1024w\" sizes=\"auto, (max-width: 300px) 100vw, 300px\" \/><\/a><figcaption id=\"caption-attachment-2251\" class=\"wp-caption-text\">Fauteurs de pluie<\/figcaption><\/figure>\n<p style=\"text-align: justify;\">Mais l\u00e0, la preuve \u00e9tait devant mes yeux et devant les v\u00f4tres d\u00e9sormais, par la force des choses : c&rsquo;\u00e9tait eux les coupables !<\/p>\n<p style=\"text-align: justify;\">Oui eux ! Responsables et coupables, pas comme l&rsquo;autre qui sait m\u00eame pas que <em>foi<\/em> est un f\u00e9minin et qui s&rsquo;est \u00e9vertu\u00e9 \u00e0 nous le coller au masculin, affubl\u00e9 de surcro\u00eet d&rsquo;une pr\u00e9position contract\u00e9e&#8230;<\/p>\n<p style=\"text-align: justify;\">Les arbres appellent la pluie ! C&rsquo;est \u00e0 cause d&rsquo;eux qu&rsquo;il pleut depuis des semaines ! Elle s&rsquo;est tellement enamour\u00e9e la pluie, qu&rsquo;elle est fusionnelle !<\/p>\n<p style=\"text-align: justify;\">Regardez comme elle s&rsquo;accroche, \u00e7a en d\u00e9gouline d&rsquo;amour. C&rsquo;en devient obsc\u00e8ne, vous ne trouvez pas&nbsp; ?<\/p>\n<blockquote><p><span class=\"role\">CLIM\u00c8NE.-<\/span>&nbsp;Il a une obsc\u00e9nit\u00e9 qui n\u2019est pas supportable.<\/p>\n<p><span class=\"role\">\u00c9LISE.-<\/span>&nbsp;Comment dites-vous ce mot-l\u00e0, Madame&nbsp;?<\/p>\n<p><span class=\"role\">CLIM\u00c8NE.-<\/span>&nbsp;Obsc\u00e9nit\u00e9, Madame.<\/p>\n<p><span class=\"role\">\u00c9LISE.<\/span><span class=\"role\">&#8211;<\/span> Ah&nbsp;! mon Dieu&nbsp;! obsc\u00e9nit\u00e9. Je ne sais ce que ce mot veut dire&nbsp;; mais je le trouve le plus joli du monde.<\/p>\n<h2 style=\"padding-left: 60px;\"><strong>Moli\u00e8re<\/strong><\/h2>\n<p style=\"padding-left: 90px;\"><strong>La Critique de l&rsquo;Ecole des femmes<\/strong><\/p>\n<\/blockquote>\n","protected":false},"excerpt":{"rendered":"<p>Ce sont eux les coupables. Je les aime bien pourtant ; je vais souvent les voir pour les photographier. Apr\u00e8s tout, pourquoi ne pourrait-on pas \u00eatre coupables et magnifiques ? Il y en a tellement qui sont innocents mais laids. Au d\u00e9but, je refusais d&rsquo;y croire. Mais puisque de toute fa\u00e7on, aujourd&rsquo;hui, chacun a droit&hellip;<\/p>\n","protected":false},"author":1,"featured_media":2249,"comment_status":"open","ping_status":"open","sticky":false,"template":"","format":"standard","meta":{"content-type":"","_mo_disable_npp":"","ngg_post_thumbnail":0,"jetpack_post_was_ever_published":false,"_jetpack_newsletter_access":"","_jetpack_dont_email_post_to_subs":false,"_jetpack_newsletter_tier_id":0,"_jetpack_memberships_contains_paywalled_content":false,"_jetpack_memberships_contains_paid_content":false,"footnotes":"","jetpack_publicize_message":"","jetpack_publicize_feature_enabled":true,"jetpack_social_post_already_shared":true,"jetpack_social_options":{"image_generator_settings":{"template":"highway","default_image_id":0,"font":"","enabled":false},"version":2}},"categories":[7],"tags":[150,227,157,214,151],"class_list":["post-2247","post","type-post","status-publish","format-standard","has-post-thumbnail","hentry","category-des-lieux-en-noir-et-blanc","tag-brume","tag-eau","tag-foret","tag-lac","tag-pluie","post-grid-2-col","entry"],"jetpack_publicize_connections":[],"jetpack_featured_media_url":"https:\/\/perspectiv.org\/vudici\/wp-content\/uploads\/2021\/02\/L1022527fe\u0301vr.-11-2021.jpg","jetpack_sharing_enabled":true,"jetpack_shortlink":"https:\/\/wp.me\/pataty-Af","jetpack-related-posts":[],"_links":{"self":[{"href":"https:\/\/perspectiv.org\/vudici\/wp-json\/wp\/v2\/posts\/2247","targetHints":{"allow":["GET"]}}],"collection":[{"href":"https:\/\/perspectiv.org\/vudici\/wp-json\/wp\/v2\/posts"}],"about":[{"href":"https:\/\/perspectiv.org\/vudici\/wp-json\/wp\/v2\/types\/post"}],"author":[{"embeddable":true,"href":"https:\/\/perspectiv.org\/vudici\/wp-json\/wp\/v2\/users\/1"}],"replies":[{"embeddable":true,"href":"https:\/\/perspectiv.org\/vudici\/wp-json\/wp\/v2\/comments?post=2247"}],"version-history":[{"count":16,"href":"https:\/\/perspectiv.org\/vudici\/wp-json\/wp\/v2\/posts\/2247\/revisions"}],"predecessor-version":[{"id":2265,"href":"https:\/\/perspectiv.org\/vudici\/wp-json\/wp\/v2\/posts\/2247\/revisions\/2265"}],"wp:featuredmedia":[{"embeddable":true,"href":"https:\/\/perspectiv.org\/vudici\/wp-json\/wp\/v2\/media\/2249"}],"wp:attachment":[{"href":"https:\/\/perspectiv.org\/vudici\/wp-json\/wp\/v2\/media?parent=2247"}],"wp:term":[{"taxonomy":"category","embeddable":true,"href":"https:\/\/perspectiv.org\/vudici\/wp-json\/wp\/v2\/categories?post=2247"},{"taxonomy":"post_tag","embeddable":true,"href":"https:\/\/perspectiv.org\/vudici\/wp-json\/wp\/v2\/tags?post=2247"}],"curies":[{"name":"wp","href":"https:\/\/api.w.org\/{rel}","templated":true}]}}