{"id":2346,"date":"2024-10-06T19:41:39","date_gmt":"2024-10-06T18:41:39","guid":{"rendered":"https:\/\/perspectiv.org\/vudici\/?p=2346"},"modified":"2024-10-06T20:36:10","modified_gmt":"2024-10-06T19:36:10","slug":"big-browser-is-catching-you","status":"publish","type":"post","link":"https:\/\/perspectiv.org\/vudici\/big-browser-is-catching-you\/","title":{"rendered":"Big browser is catching you"},"content":{"rendered":"<p style=\"text-align: justify;\">J&rsquo;essaie de me souvenir comment c&rsquo;\u00e9tait avant, mais je n&rsquo;y arrive pas. Je me souviens pourtant bien du premier que j&rsquo;ai eu dans ma poche, un \u00e9pais parall\u00e9l\u00e9pip\u00e8de gris et son antenne extensible, un couvercle qui prot\u00e9geait des touches et un \u00e9cran minuscule&#8230; Il y avait eu, ensuite, la course \u00e0 la miniaturisation avant celle \u00e0 l&rsquo;extension apparue au moment o\u00f9 les touches disparaissaient et les \u00e9crans s&rsquo;\u00e9largissaient.<\/p>\n<p style=\"text-align: justify;\">Mais je ne me souviens pas spontan\u00e9ment comment nous faisions avant pour supporter la vacuit\u00e9 de nos instants d&rsquo;inaction. J&rsquo;ai bien ces flash, ces r\u00e9miniscences o\u00f9 je nous vois \u00e9coutant nos Walkmann\u00a9, o\u00f9 je devine ces rames de m\u00e9tro dans lesquelles les livres, ou les journaux, \u00e9taient dans nos mains. Rien de bien nouveau donc : le t\u00e9l\u00e9phone a remplac\u00e9 le livre, me dira-t-on !<\/p>\n<figure id=\"attachment_2357\">\n<p><figure id=\"attachment_2357\" aria-describedby=\"caption-attachment-2357\" style=\"width: 150px\" class=\"wp-caption alignright\"><a href=\"https:\/\/perspectiv.org\/vudici\/wp-content\/uploads\/2024\/10\/Watching-you-1-sur-1-5-1.jpg\"><img loading=\"lazy\" decoding=\"async\" class=\"wp-image-2357 size-thumbnail\" src=\"https:\/\/perspectiv.org\/vudici\/wp-content\/uploads\/2024\/10\/Watching-you-1-sur-1-5-1-150x150.jpg\" alt=\"Jeune homme regardant son t\u00e9l\u00e9phone alors qu'il tient un livre ouvert sur ses genoux\" width=\"150\" height=\"150\"><\/a><figcaption id=\"caption-attachment-2357\" class=\"wp-caption-text\">Mon pr\u00e9cieux<\/figcaption><\/figure><\/figure>\n<p style=\"text-align: justify;\">D\u00e9trompez-vous : aujourd&rsquo;hui, ils sont partout, ils submergent nos villes et envahissent nos vies, ils grignotent nos impatiences et d\u00e9vorent nos temps libres. Si seulement ils n&rsquo;\u00e9taient que les b\u00e9quilles de nos solitudes et de nos heures d&rsquo;ennui, je comprendrais. Quand nous tentons de les oublier, armer de ce livre pourtant si passionnant, ils nous rappellent notre servitude num\u00e9rique. Ce sont nos \u00ab\u00a0<em>pr\u00e9cieux<\/em> \u00a0\u00bb dont nous ne pouvons, comme Frodon de son anneau, nous \u00e9loigner trop longtemps ou trop loin sans sentir un profond d\u00e9sarroi.<\/p>\n<figure id=\"attachment_2350\">\n<p><figure id=\"attachment_2350\" aria-describedby=\"caption-attachment-2350\" style=\"width: 150px\" class=\"wp-caption alignleft\"><a href=\"https:\/\/perspectiv.org\/vudici\/wp-content\/uploads\/2024\/10\/Watching-you-1-sur-1-3.jpg\"><img loading=\"lazy\" decoding=\"async\" class=\"wp-image-2350 size-thumbnail\" src=\"https:\/\/perspectiv.org\/vudici\/wp-content\/uploads\/2024\/10\/Watching-you-1-sur-1-3-150x150.jpg\" alt=\"Couple assis sur un banc captiv\u00e9 par leurs t\u00e9l\u00e9phones respectifs\" width=\"150\" height=\"150\" srcset=\"https:\/\/perspectiv.org\/vudici\/wp-content\/uploads\/2024\/10\/Watching-you-1-sur-1-3-150x150.jpg 150w, https:\/\/perspectiv.org\/vudici\/wp-content\/uploads\/2024\/10\/Watching-you-1-sur-1-3-300x300.jpg 300w, https:\/\/perspectiv.org\/vudici\/wp-content\/uploads\/2024\/10\/Watching-you-1-sur-1-3-768x768.jpg 768w, https:\/\/perspectiv.org\/vudici\/wp-content\/uploads\/2024\/10\/Watching-you-1-sur-1-3.jpg 1000w\" sizes=\"auto, (max-width: 150px) 100vw, 150px\" \/><\/a><figcaption id=\"caption-attachment-2350\" class=\"wp-caption-text\">Ensemble s\u00e9par\u00e9ment<\/figcaption><\/figure><\/figure>\n<p style=\"text-align: justify;\">Je vous ai dit pourquoi j&rsquo;\u00e9tais souvent agac\u00e9 de cette propension de mes cong\u00e9n\u00e8res \u00e0 le sortir pour tout regarder au travers, pour ne plus rien voir directement. Et que vous dire quand je les vois, pourtant ensemble, \u00eatre tant s\u00e9par\u00e9es par ce bourreau moderne. Cela pourrait \u00eatre le th\u00e8me d&rsquo;une s\u00e9rie in\u00e9puisable de photos, que du reste vous pourriez prendre de tr\u00e8s pr\u00e8s et sans risque d&rsquo;\u00eatre houspill\u00e9 tant ils sont aspir\u00e9s par cet \u00e9cran. Ils me font penser \u00e0 Mowgli, captiv\u00e9 par le regard hypnotique de Kaa qui ne cesse de lui r\u00e9p\u00e9ter \u00ab\u00a0aie confiance\u00a0\u00bb&#8230;<\/p>\n<p style=\"text-align: justify;\">Combien de fois ai-je vu cette sc\u00e8ne se reproduire, parfois m\u00eame dans sa forme paroxystique du couple face \u00e0 face au restaurant et qui pr\u00e9f\u00e8re c\u00e9der aux sir\u00e8nes de la chose plut\u00f4t que de se regarder, ne serait-ce en silence.<\/p>\n<figure id=\"attachment_2354\">\n<p><figure id=\"attachment_2354\" aria-describedby=\"caption-attachment-2354\" style=\"width: 150px\" class=\"wp-caption alignright\"><a href=\"https:\/\/perspectiv.org\/vudici\/wp-content\/uploads\/2024\/10\/Watching-you-1-sur-1-4-1.jpg\"><img loading=\"lazy\" decoding=\"async\" class=\"wp-image-2354 size-thumbnail\" src=\"https:\/\/perspectiv.org\/vudici\/wp-content\/uploads\/2024\/10\/Watching-you-1-sur-1-4-1-150x150.jpg\" alt=\"Couple de jeunes regardant un t\u00e9l\u00e9phone en souriant dans une rame de m\u00e9tro\" width=\"150\" height=\"150\" srcset=\"https:\/\/perspectiv.org\/vudici\/wp-content\/uploads\/2024\/10\/Watching-you-1-sur-1-4-1-150x150.jpg 150w, https:\/\/perspectiv.org\/vudici\/wp-content\/uploads\/2024\/10\/Watching-you-1-sur-1-4-1-300x300.jpg 300w, https:\/\/perspectiv.org\/vudici\/wp-content\/uploads\/2024\/10\/Watching-you-1-sur-1-4-1-768x768.jpg 768w, https:\/\/perspectiv.org\/vudici\/wp-content\/uploads\/2024\/10\/Watching-you-1-sur-1-4-1.jpg 1000w\" sizes=\"auto, (max-width: 150px) 100vw, 150px\" \/><\/a><figcaption id=\"caption-attachment-2354\" class=\"wp-caption-text\">Mien commun<\/figcaption><\/figure><\/figure>\n<p style=\"text-align: justify;\">Les plus optimistes me r\u00e9pondront que l&rsquo;objet parfois se partage et je ne le nie pas ; vous conviendrez toutefois que c&rsquo;est une situation qui se rencontre bien plus rarement. La chose est un outil de mise \u00e0 distance bien plus que de rapprochement. Son nom m\u00eame, <em>t\u00e9l\u00e9phone,<\/em> \u00e9voquait l&rsquo;\u00e9loignement et il ne cherchait ainsi pas \u00e0 nous duper. Il est aujourd&rsquo;hui plus sournois &#8211; quoique &#8211; s&rsquo;affublant du qualificatif de <em>smart, <\/em>ou d&rsquo;<em>intelligent&nbsp;<\/em>pour nos amis qu\u00e9b\u00e9cois. Et si je temp\u00e8re d&rsquo;un quoique, c&rsquo;est parce que le qualifier d&rsquo;intelligent est peut-\u00eatre une fa\u00e7on de nous renvoyer \u00e0 notre propre b\u00eatise.<\/p>\n<p style=\"text-align: justify;\">Celle-l\u00e0 m\u00eame qui fait que la fonction premi\u00e8re de la chose, celle de t\u00e9l\u00e9phone, est dor\u00e9navant bien d\u00e9laiss\u00e9e : quelle incongruit\u00e9 pour moi de voir les jeunes (et moins jeunes, ne c\u00e9dons pas \u00e0 l&rsquo;\u00e2gisme !) pr\u00e9f\u00e9rer s&rsquo;envoyer des vocaux plut\u00f4t que de s&rsquo;appeler et interagir simultan\u00e9ment&#8230;<\/p>\n<p>Et ainsi, presque 60 ans apr\u00e8s, <a href=\"https:\/\/youtu.be\/buUqkohMphg?si=g4P8oyt4AN23LcqK\">Nino Ferrer<\/a> n&rsquo;aura jamais autant \u00e9t\u00e9 d&rsquo;actualit\u00e9 :&nbsp;<\/p>\n<blockquote>\n<p style=\"text-align: justify;\">Gaston y a l&rsquo;t\u00e9l\u00e9fon qui son<\/p>\n<p style=\"text-align: justify;\">Et y a jamais person qui y r\u00e9pond<\/p>\n<h2 style=\"padding-left: 60px;\"><strong>Nino Ferrer<\/strong><\/h2>\n<p style=\"padding-left: 90px;\"><strong>Le t\u00e9l\u00e9fon, 1967<\/strong><\/p>\n<\/blockquote>\n","protected":false},"excerpt":{"rendered":"<p>J&rsquo;essaie de me souvenir comment c&rsquo;\u00e9tait avant, mais je n&rsquo;y arrive pas. Je me souviens pourtant bien du premier que j&rsquo;ai eu dans ma poche, un \u00e9pais parall\u00e9l\u00e9pip\u00e8de gris et son antenne extensible, un couvercle qui prot\u00e9geait des touches et un \u00e9cran minuscule&#8230; Il y avait eu, ensuite, la course \u00e0 la miniaturisation avant celle&hellip;<\/p>\n","protected":false},"author":1,"featured_media":2347,"comment_status":"open","ping_status":"open","sticky":false,"template":"","format":"standard","meta":{"content-type":"","_mo_disable_npp":"","ngg_post_thumbnail":0,"jetpack_post_was_ever_published":false,"_jetpack_newsletter_access":"","_jetpack_dont_email_post_to_subs":false,"_jetpack_newsletter_tier_id":0,"_jetpack_memberships_contains_paywalled_content":false,"_jetpack_memberships_contains_paid_content":false,"footnotes":"","jetpack_publicize_message":"","jetpack_publicize_feature_enabled":true,"jetpack_social_post_already_shared":true,"jetpack_social_options":{"image_generator_settings":{"template":"highway","default_image_id":0,"font":"","enabled":false},"version":2}},"categories":[5],"tags":[235,89,234,231],"class_list":["post-2346","post","type-post","status-publish","format-standard","has-post-thumbnail","hentry","category-des-gens-en-noirs-et-blancs","tag-personne","tag-solitude","tag-street","tag-telephone","post-grid-2-col","entry"],"jetpack_publicize_connections":[],"jetpack_featured_media_url":"https:\/\/perspectiv.org\/vudici\/wp-content\/uploads\/2024\/10\/Watching-you-1-sur-1.jpg","jetpack_sharing_enabled":true,"jetpack_shortlink":"https:\/\/wp.me\/pataty-BQ","jetpack-related-posts":[],"_links":{"self":[{"href":"https:\/\/perspectiv.org\/vudici\/wp-json\/wp\/v2\/posts\/2346","targetHints":{"allow":["GET"]}}],"collection":[{"href":"https:\/\/perspectiv.org\/vudici\/wp-json\/wp\/v2\/posts"}],"about":[{"href":"https:\/\/perspectiv.org\/vudici\/wp-json\/wp\/v2\/types\/post"}],"author":[{"embeddable":true,"href":"https:\/\/perspectiv.org\/vudici\/wp-json\/wp\/v2\/users\/1"}],"replies":[{"embeddable":true,"href":"https:\/\/perspectiv.org\/vudici\/wp-json\/wp\/v2\/comments?post=2346"}],"version-history":[{"count":14,"href":"https:\/\/perspectiv.org\/vudici\/wp-json\/wp\/v2\/posts\/2346\/revisions"}],"predecessor-version":[{"id":2367,"href":"https:\/\/perspectiv.org\/vudici\/wp-json\/wp\/v2\/posts\/2346\/revisions\/2367"}],"wp:featuredmedia":[{"embeddable":true,"href":"https:\/\/perspectiv.org\/vudici\/wp-json\/wp\/v2\/media\/2347"}],"wp:attachment":[{"href":"https:\/\/perspectiv.org\/vudici\/wp-json\/wp\/v2\/media?parent=2346"}],"wp:term":[{"taxonomy":"category","embeddable":true,"href":"https:\/\/perspectiv.org\/vudici\/wp-json\/wp\/v2\/categories?post=2346"},{"taxonomy":"post_tag","embeddable":true,"href":"https:\/\/perspectiv.org\/vudici\/wp-json\/wp\/v2\/tags?post=2346"}],"curies":[{"name":"wp","href":"https:\/\/api.w.org\/{rel}","templated":true}]}}