{"id":2622,"date":"2025-08-17T21:35:14","date_gmt":"2025-08-17T20:35:14","guid":{"rendered":"https:\/\/perspectiv.org\/vudici\/?p=2622"},"modified":"2025-08-18T16:51:58","modified_gmt":"2025-08-18T15:51:58","slug":"casabianda-sous-les-paves-la-plage","status":"publish","type":"post","link":"https:\/\/perspectiv.org\/vudici\/casabianda-sous-les-paves-la-plage\/","title":{"rendered":"Casabianda &#8211; Sous les pav\u00e9s la plage"},"content":{"rendered":"<p style=\"text-align: justify;\">Il est en Corse, dans la plaine orientale, pas loin d&rsquo;Aleria et de ses antiques ruines, un endroit d\u00e9favorablement connu des services de police.<\/p>\n<p style=\"text-align: justify;\">Il s&rsquo;agit du centre de d\u00e9tention de Casabianda, qui a la particularit\u00e9 d&rsquo;\u00eatre une prison diff\u00e9rente des autres, si bien que que les m\u00e9dias \u00e0 sensation l&rsquo;on nommait, avec la d\u00e9licatesse qu&rsquo;on leur connait, \u00ab\u00a0le Club Med des pointeurs\u00a0\u00bb. Ce centre de d\u00e9tention accueille en effet majoritairement des d\u00e9tenus reconnus coupables d&rsquo;infractions sexuelles qui sont incarc\u00e9r\u00e9s dans des conditions rares en France (on en d\u00e9nombrerait 2) et dans le monde : il s&rsquo;agit d&rsquo;une prison ouverte. A l&rsquo;int\u00e9rieur de l&rsquo;enceinte de ce domaine agricole de 1 500 hectares, les d\u00e9tenus sont libres de leurs mouvements, participent \u00e0 l&rsquo;activit\u00e9 agricole, doivent \u00eatre pr\u00e9sents \u00e0 l&rsquo;appel et passent la nuit dans leur cellule.<\/p>\n<p><a href=\"https:\/\/perspectiv.org\/vudici\/wp-content\/uploads\/2025\/08\/Sous-les-paves.jpg\"><img loading=\"lazy\" decoding=\"async\" class=\"alignleft wp-image-2625 size-medium\" src=\"https:\/\/perspectiv.org\/vudici\/wp-content\/uploads\/2025\/08\/Sous-les-paves-300x200.jpg\" alt=\"\" width=\"300\" height=\"200\" srcset=\"https:\/\/perspectiv.org\/vudici\/wp-content\/uploads\/2025\/08\/Sous-les-paves-300x200.jpg 300w, https:\/\/perspectiv.org\/vudici\/wp-content\/uploads\/2025\/08\/Sous-les-paves-1024x683.jpg 1024w, https:\/\/perspectiv.org\/vudici\/wp-content\/uploads\/2025\/08\/Sous-les-paves-768x512.jpg 768w, https:\/\/perspectiv.org\/vudici\/wp-content\/uploads\/2025\/08\/Sous-les-paves-1320x880.jpg 1320w, https:\/\/perspectiv.org\/vudici\/wp-content\/uploads\/2025\/08\/Sous-les-paves.jpg 1536w\" sizes=\"auto, (max-width: 300px) 100vw, 300px\" \/><\/a><\/p>\n<p style=\"text-align: justify;\">Mais, juste \u00e0 cot\u00e9 de ce centre de d\u00e9tention, il est un autre endroit un peu unique. Je ne vous parle pas de cette plage agr\u00e9able, peu fr\u00e9quent\u00e9e, \u00e0 l&rsquo;eau claire et au sable fin. Non, cet endroit unique, ce n&rsquo;est pas cette plage que l&rsquo;on rejoint apr\u00e8s avoir parcouru pr\u00e8s de 3 km d&rsquo;un chemin, certes carrossable, mais qu&rsquo;en d&rsquo;autres lieux on d\u00e9nommerait piste. Vraiment, ce n&rsquo;est pas cette plage dont les graffeurs nous apprennent qu&rsquo;on a retir\u00e9 les pav\u00e9s.<\/p>\n<p style=\"text-align: justify;\">Non, je vous parle de cet ancien centre de vacances de l&rsquo;administration p\u00e9nitentiaire laiss\u00e9 \u00e0 l&rsquo;abandon et o\u00f9 la nature a repris ses droits, concurrenc\u00e9e, \u00e7a et l\u00e0, par les graffeurs.<\/p>\n<p style=\"text-align: justify;\">Et il faut bien l&rsquo;avouer l&rsquo;endroit est photog\u00e9nique.<\/p>\n<p style=\"text-align: justify;\">Je ne suis pas amateur d&rsquo;urbex, au sens o\u00f9 je ne cherche pas sp\u00e9cifiquement les explorations urbaines de b\u00e2timents en ruine, mais je ne r\u00e9siste pas quand l&rsquo;occasion se pr\u00e9sente. D&rsquo;autant que rester \u00e0 griller sur une plage n&rsquo;est pas au titre de mes activit\u00e9s pr\u00e9f\u00e9r\u00e9es, <a href=\"https:\/\/perspectiv.org\/vudici\/jour-de-plage\/\">souvenez-vous<\/a>.<\/p>\n<p><a href=\"https:\/\/perspectiv.org\/vudici\/wp-content\/uploads\/2025\/08\/Timeo.jpg\"><img loading=\"lazy\" decoding=\"async\" class=\"alignright wp-image-2629 size-medium\" src=\"https:\/\/perspectiv.org\/vudici\/wp-content\/uploads\/2025\/08\/Timeo-240x300.jpg\" alt=\"Un amphith\u00e9atre en ruine couvert de graf\" width=\"240\" height=\"300\" srcset=\"https:\/\/perspectiv.org\/vudici\/wp-content\/uploads\/2025\/08\/Timeo-240x300.jpg 240w, https:\/\/perspectiv.org\/vudici\/wp-content\/uploads\/2025\/08\/Timeo-819x1024.jpg 819w, https:\/\/perspectiv.org\/vudici\/wp-content\/uploads\/2025\/08\/Timeo-768x960.jpg 768w, https:\/\/perspectiv.org\/vudici\/wp-content\/uploads\/2025\/08\/Timeo.jpg 1024w\" sizes=\"auto, (max-width: 240px) 100vw, 240px\" \/><\/a><\/p>\n<p style=\"text-align: justify;\">Et il y a dans cet endroit un ancien amphith\u00e9\u00e2tre, au fronton duquel est inscrit cette expression latine pass\u00e9e \u00e0 la post\u00e9rit\u00e9&nbsp;<em>Timeo Danaos et dona ferentes ( je crains les grecs &#8211; da<\/em><em>n\u00e9ens &#8211; m\u00eame porteurs de pr\u00e9sents).&nbsp;<\/em>A la v\u00e9rit\u00e9, je fus surpris de la pr\u00e9sence de cette locution, ici en ce lieu, et je me suis interrog\u00e9 longtemps &#8211; et je m&rsquo;interroge encore, pour \u00eatre honn\u00eate- sur sa symbolique. Pourquoi avoir choisit cette formule dans un centre de vacances de l&rsquo;administration p\u00e9nitentiaire ? Pour encourager la probit\u00e9 ? Pour que les matons n&rsquo;oublient pas de se m\u00e9fier d&rsquo;un cheval de Troie ? Myst\u00e8re&#8230;<\/p>\n<p style=\"text-align: justify;\">En tous cas, cela m&rsquo;a donn\u00e9 l&rsquo;occasion d&rsquo;aller relire le passage de l&rsquo;Eneide de Virgile dont est tir\u00e9 cet aphorisme :<\/p>\n<blockquote><p>Bris\u00e9s par la guerre et refoul\u00e9s par les destins,<br \/>\napr\u00e8s tant d&rsquo;ann\u00e9es \u00e9coul\u00e9es d\u00e9j\u00e0, les chefs des Danaens,<br \/>\ninspir\u00e9s par la divine Pallas, construisent un cheval haut<br \/>\ncomme une montagne, et tressent ses flancs de planches de sapin :<br \/>\nselon le bruit qui court, ce serait une offrande pour leur retour.<br \/>\nDans les flancs aveugles de l&rsquo;animal, ils enferment secr\u00e8tement<br \/>\ndes hommes d&rsquo;\u00e9lite d\u00e9sign\u00e9s par le sort et ils font entrer<br \/>\ndes soldats arm\u00e9s dans les profondes cavit\u00e9s du ventre de la b\u00eate. [&#8230;]<\/p>\n<p>Nous, nous les croyions partis pour Myc\u00e8nes \u00e0 la faveur des vents.<br \/>\nAlors toute la Troade se lib\u00e8re d&rsquo;une longue souffrance ;<br \/>\nles portes sont ouvertes; c&rsquo;est un plaisir d&rsquo;aller voir le camp<br \/>\ndes Doriens ces lieux d\u00e9sert\u00e9s et ce littoral abandonn\u00e9.<\/p>\n<p>Ici campaient les Dolopes ; ici se trouvait la tente du farouche Achille ;<br \/>\nici c&rsquo;\u00e9tait l&rsquo;endroit r\u00e9serv\u00e9 \u00e0 la flotte ; l\u00e0 ils s&rsquo;entra\u00eenaient au combat.<br \/>\nCertains sont stup\u00e9faits devant le funeste pr\u00e9sent \u00e0 la vierge Minerve,<br \/>\net s&rsquo;\u00e9tonnent des dimensions du cheval ; Thym\u00e9t\u00e8s, le tout premier,<br \/>\nsugg\u00e8re de l&rsquo;introduire dans les murs et de l&rsquo;installer sur la citadelle ;<br \/>\n\u00e9tait-ce fourberie, ou le destin de Troie \u00e9tait-il d\u00e9j\u00e0 lanc\u00e9!<\/p>\n<p>Mais Capys et les mieux inspir\u00e9s recommandent<br \/>\nsoit de pr\u00e9cipiter dans la mer le pi\u00e8ge des Danaens<br \/>\net leur pr\u00e9sent suspect, d&rsquo;y bouter le feu et de le br\u00fbler,<br \/>\nsoit de forer le ventre du cheval et d&rsquo;en explorer les coins secrets.<\/p>\n<p>Le peuple ind\u00e9cis est partag\u00e9 en clans oppos\u00e9s.<br \/>\nLe premier, en t\u00eate d&rsquo;une importante foule qui l&rsquo;escorte, tout excit\u00e9,<br \/>\nLaocoon d\u00e9vale du sommet de la citadelle et crie de loin :<\/p>\n<p>\u00ab\u00a0Malheureux concitoyens, quelle immense folie vous prend ?<br \/>\nCroyez-vous les ennemis partis&nbsp;? Pensez-vous qu&rsquo;un seul pr\u00e9sent<br \/>\ndes Danaens soit exempt de pi\u00e8ges ? Ne connaissez-vous pas Ulysse ?<br \/>\nOu des Ach\u00e9ens sont enferm\u00e9s et cach\u00e9s dans ce cheval de bois,<br \/>\nou cette machine a \u00e9t\u00e9 fabriqu\u00e9e pour franchir nos murs,<br \/>\nobserver nos maisons, et s&rsquo;abattre de toute sa hauteur sur la ville,<br \/>\nou alors elle rec\u00e8le un autre pi\u00e8ge ; Troyens, ne vous fiez pas \u00e0 ce cheval.<br \/>\nDe toute fa\u00e7on <strong>je crains les Danaens, m\u00eame porteurs de pr\u00e9sents<\/strong>.\u00a0\u00bb<\/p>\n<p>Cela dit, de toutes ses forces il fait tournoyer une longue pique<br \/>\nvers le flanc du monstre et les poutres jointes de son ventre rebondi.<br \/>\nElle s&rsquo;y fiche en vibrant, les flancs du cheval en sont \u00e9branl\u00e9s,<br \/>\ntandis que de ses profondes cavernes r\u00e9sonnent des g\u00e9missements.<\/p>\n<p>Et si, sans les destins des dieux, sans l&rsquo;aveuglement de nos esprits,<br \/>\nil nous avait pouss\u00e9s \u00e0 d\u00e9vaster de nos lances les cachettes des Argiens,<br \/>\nTroie tu serais maintenant debout, tu subsisterais, alti\u00e8re citadelle de Priam !*<\/p>\n<h2 style=\"padding-left: 60px;\"><strong>Virgile<\/strong><\/h2>\n<p style=\"padding-left: 90px;\">En\u00e9ide, Livre II<\/p>\n<\/blockquote>\n<h6>*extrait repris de la <a href=\"https:\/\/bcs.fltr.ucl.ac.be\/virg\/V02-001-267.html\">page de la Bibliotheca classica selecta de l&rsquo;Universit\u00e9 catholique de Louvain<\/a><\/h6>\n<p style=\"text-align: justify;\">Une galerie des photos prises en noir et blanc sur le site est accessible <a href=\"https:\/\/perspectiv.org\/vudici\/series\/timeo-danaos-et-dona-ferentes\/\">ici<\/a><\/p>\n","protected":false},"excerpt":{"rendered":"<p>Il est en Corse, dans la plaine orientale, pas loin d&rsquo;Aleria et de ses antiques ruines, un endroit d\u00e9favorablement connu des services de police. Il s&rsquo;agit du centre de d\u00e9tention de Casabianda, qui a la particularit\u00e9 d&rsquo;\u00eatre une prison diff\u00e9rente des autres, si bien que que les m\u00e9dias \u00e0 sensation l&rsquo;on nommait, avec la d\u00e9licatesse&hellip;<\/p>\n","protected":false},"author":1,"featured_media":2623,"comment_status":"open","ping_status":"open","sticky":false,"template":"","format":"standard","meta":{"content-type":"","_mo_disable_npp":"","ngg_post_thumbnail":0,"jetpack_post_was_ever_published":false,"_jetpack_newsletter_access":"","_jetpack_dont_email_post_to_subs":false,"_jetpack_newsletter_tier_id":0,"_jetpack_memberships_contains_paywalled_content":false,"_jetpack_memberships_contains_paid_content":false,"footnotes":"","jetpack_publicize_message":"","jetpack_publicize_feature_enabled":true,"jetpack_social_post_already_shared":true,"jetpack_social_options":{"image_generator_settings":{"template":"highway","default_image_id":0,"font":"","enabled":false},"version":2}},"categories":[35],"tags":[247,244,23,205,142,245,246],"class_list":["post-2622","post","type-post","status-publish","format-standard","has-post-thumbnail","hentry","category-ailleurs-en-couleurs","tag-colonie","tag-ete","tag-graffiti","tag-paves","tag-plage","tag-sable","tag-urbex","post-grid-2-col","entry"],"jetpack_publicize_connections":[],"jetpack_featured_media_url":"https:\/\/perspectiv.org\/vudici\/wp-content\/uploads\/2025\/08\/Casabianda.jpg","jetpack_sharing_enabled":true,"jetpack_shortlink":"https:\/\/wp.me\/pataty-Gi","jetpack-related-posts":[],"_links":{"self":[{"href":"https:\/\/perspectiv.org\/vudici\/wp-json\/wp\/v2\/posts\/2622","targetHints":{"allow":["GET"]}}],"collection":[{"href":"https:\/\/perspectiv.org\/vudici\/wp-json\/wp\/v2\/posts"}],"about":[{"href":"https:\/\/perspectiv.org\/vudici\/wp-json\/wp\/v2\/types\/post"}],"author":[{"embeddable":true,"href":"https:\/\/perspectiv.org\/vudici\/wp-json\/wp\/v2\/users\/1"}],"replies":[{"embeddable":true,"href":"https:\/\/perspectiv.org\/vudici\/wp-json\/wp\/v2\/comments?post=2622"}],"version-history":[{"count":20,"href":"https:\/\/perspectiv.org\/vudici\/wp-json\/wp\/v2\/posts\/2622\/revisions"}],"predecessor-version":[{"id":2671,"href":"https:\/\/perspectiv.org\/vudici\/wp-json\/wp\/v2\/posts\/2622\/revisions\/2671"}],"wp:featuredmedia":[{"embeddable":true,"href":"https:\/\/perspectiv.org\/vudici\/wp-json\/wp\/v2\/media\/2623"}],"wp:attachment":[{"href":"https:\/\/perspectiv.org\/vudici\/wp-json\/wp\/v2\/media?parent=2622"}],"wp:term":[{"taxonomy":"category","embeddable":true,"href":"https:\/\/perspectiv.org\/vudici\/wp-json\/wp\/v2\/categories?post=2622"},{"taxonomy":"post_tag","embeddable":true,"href":"https:\/\/perspectiv.org\/vudici\/wp-json\/wp\/v2\/tags?post=2622"}],"curies":[{"name":"wp","href":"https:\/\/api.w.org\/{rel}","templated":true}]}}