{"id":2707,"date":"2025-12-06T11:54:39","date_gmt":"2025-12-06T10:54:39","guid":{"rendered":"https:\/\/perspectiv.org\/vudici\/?p=2707"},"modified":"2025-12-06T11:54:39","modified_gmt":"2025-12-06T10:54:39","slug":"le-monde-comme-il-nest-pas","status":"publish","type":"post","link":"https:\/\/perspectiv.org\/vudici\/le-monde-comme-il-nest-pas\/","title":{"rendered":"Le monde comme il n&rsquo;est pas"},"content":{"rendered":"<p data-start=\"145\" data-end=\"424\">La photographie est une po\u00e9sie de lumi\u00e8re. Elle charme le r\u00e9el, le recueille tel qu\u2019il se pr\u00e9sente. Puis, par l\u2019\u0153il du photographe et le miracle de l\u2019appareil, elle le transforme en ce qu\u2019il fut, et, pour l\u2019avenir, en ce qu\u2019il sera : une v\u00e9rit\u00e9 fig\u00e9e, offerte au temps qui passe.<\/p>\n<p data-start=\"426\" data-end=\"645\">La promenade photographique devient alors un sortil\u00e8ge. Un enchantement furtif, au moment pr\u00e9cis o\u00f9 le monde consent \u00e0 se livrer au curieux, au candide, ou simplement \u00e0 celui qui refuse de se contenter de ce qu\u2019il voit.<\/p>\n<p data-start=\"647\" data-end=\"896\">L\u2019\u0153il capture, l\u2019imagination transfigure. Ou peut-\u00eatre l\u2019inverse : l\u2019imagination transfigure, donc l\u2019\u0153il choisit. Au fond, quelle importance ? Ce qui compte, c\u2019est la rencontre entre le regard et le r\u00e9el, ce trouble o\u00f9 tout commence \u00e0 devenir image.<\/p>\n<p data-start=\"898\" data-end=\"1149\">Ce dimanche-l\u00e0, tandis que je fl\u00e2nais sur les quais de Seine, s\u2019ouvrait devant moi le th\u00e9\u00e2tre ordinaire de Paris : silhouettes press\u00e9es, attitudes vol\u00e9es, \u00e9clats de lumi\u00e8re, murmures \u00e9clabouss\u00e9s de cris, rires furtifs, sourires abandonn\u00e9s \u00e0 l\u2019instant.<\/p>\n<p data-start=\"1151\" data-end=\"1627\">Quelques photographies d\u00e9j\u00e0 faites, d\u2019autres \u00e0 venir \u2014 vous en retrouverez la trace <a href=\"https:\/\/perspectiv.org\/vudici\/series\/le-monde-comme-il-est\/\">ici<\/a> \u2014 et soudain, la sc\u00e8ne inattendue : un groupe, casque de r\u00e9alit\u00e9 virtuelle viss\u00e9 au front. Je fus saisi. Par leur solitude d\u2019abord, par l\u2019\u00e9trange sensation de leur d\u00e9shumanisation ensuite. Par l\u2019humour involontaire de ce tableau, sans doute. Et enfin par l\u2019effervescence que cette vision d\u00e9clencha dans mon esprit.<\/p>\n<p data-start=\"1629\" data-end=\"1780\">Qu\u2019on ne s\u2019y trompe pas : je ne condamne pas l\u2019exp\u00e9rience immersive \u00e0 laquelle ils participaient. Je l\u2019imagine m\u00eame captivante, peut-\u00eatre r\u00e9jouissante.<\/p>\n<p data-start=\"1782\" data-end=\"2015\">Non, ce que ce moment m\u2019a r\u00e9v\u00e9l\u00e9, c\u2019est que sans cette (d\u00e9)marche photographique, ce fragment du monde m\u2019aurait \u00e9chapp\u00e9. J\u2019aurais poursuivi mon chemin, comme tant de fl\u00e2neurs autour de moi, ignorant cette petite fissure dans le r\u00e9el.<\/p>\n<p data-start=\"2017\" data-end=\"2156\">Mais puisque je photographiais, j\u2019ai vu le monde tel qu\u2019il n\u2019\u00e9tait pas. J\u2019ai vu, comme eux, une autre r\u00e9alit\u00e9. Ma propre r\u00e9alit\u00e9 virtuelle.<\/p>\n<blockquote><p>[&#8230;] Je vois ce monde tel qu\u2019il fut dans ses vitrines<br \/>\nFig\u00e9 prudent et puis il roule dans la rue<br \/>\nIl \u00e9clabousse les pav\u00e9s<br \/>\nIl glisse \u00e0 la passion des terres cultiv\u00e9es<br \/>\nComme un sein d\u00e9brid\u00e9 par des mains appliqu\u00e9es<br \/>\nJe suis fait pour boire son lait j\u2019en ai le droit<\/p>\n<p>Je vois ce monde qui n\u2019est pas mais qui sera<br \/>\nCe monde qui a tout pour lui<br \/>\nIl a la m\u00e8re il a la graine<br \/>\nIl sait construire des palais<br \/>\nIl sait ce qui est inutile<br \/>\nSes cha\u00eenes tiennent \u00e0 un fil [&#8230;]<\/p>\n<h2 style=\"padding-left: 60px;\"><strong>Paul Eluard<\/strong><\/h2>\n<p style=\"padding-left: 90px;\">Po\u00e9sie ininterrompue, 1946<\/p>\n<\/blockquote>\n","protected":false},"excerpt":{"rendered":"<p>La photographie est une po\u00e9sie de lumi\u00e8re. Elle charme le r\u00e9el, le recueille tel qu\u2019il se pr\u00e9sente. Puis, par l\u2019\u0153il du photographe et le miracle de l\u2019appareil, elle le transforme en ce qu\u2019il fut, et, pour l\u2019avenir, en ce qu\u2019il sera : une v\u00e9rit\u00e9 fig\u00e9e, offerte au temps qui passe. La promenade photographique devient alors&hellip;<\/p>\n","protected":false},"author":1,"featured_media":2708,"comment_status":"open","ping_status":"open","sticky":false,"template":"","format":"standard","meta":{"content-type":"","_mo_disable_npp":"","ngg_post_thumbnail":0,"jetpack_post_was_ever_published":false,"_jetpack_newsletter_access":"","_jetpack_dont_email_post_to_subs":false,"_jetpack_newsletter_tier_id":0,"_jetpack_memberships_contains_paywalled_content":false,"_jetpack_memberships_contains_paid_content":false,"footnotes":"","jetpack_publicize_message":"","jetpack_publicize_feature_enabled":true,"jetpack_social_post_already_shared":true,"jetpack_social_options":{"image_generator_settings":{"template":"highway","default_image_id":0,"font":"","enabled":false},"version":2}},"categories":[5],"tags":[254,257,258,255,256],"class_list":["post-2707","post","type-post","status-publish","format-standard","has-post-thumbnail","hentry","category-des-gens-en-noirs-et-blancs","tag-ballade","tag-gens","tag-monde","tag-paris","tag-seine","post-grid-2-col","entry"],"jetpack_publicize_connections":[],"jetpack_featured_media_url":"https:\/\/perspectiv.org\/vudici\/wp-content\/uploads\/2025\/12\/L1024686-Modifier.jpg","jetpack_sharing_enabled":true,"jetpack_shortlink":"https:\/\/wp.me\/pataty-HF","jetpack-related-posts":[],"_links":{"self":[{"href":"https:\/\/perspectiv.org\/vudici\/wp-json\/wp\/v2\/posts\/2707","targetHints":{"allow":["GET"]}}],"collection":[{"href":"https:\/\/perspectiv.org\/vudici\/wp-json\/wp\/v2\/posts"}],"about":[{"href":"https:\/\/perspectiv.org\/vudici\/wp-json\/wp\/v2\/types\/post"}],"author":[{"embeddable":true,"href":"https:\/\/perspectiv.org\/vudici\/wp-json\/wp\/v2\/users\/1"}],"replies":[{"embeddable":true,"href":"https:\/\/perspectiv.org\/vudici\/wp-json\/wp\/v2\/comments?post=2707"}],"version-history":[{"count":6,"href":"https:\/\/perspectiv.org\/vudici\/wp-json\/wp\/v2\/posts\/2707\/revisions"}],"predecessor-version":[{"id":2719,"href":"https:\/\/perspectiv.org\/vudici\/wp-json\/wp\/v2\/posts\/2707\/revisions\/2719"}],"wp:featuredmedia":[{"embeddable":true,"href":"https:\/\/perspectiv.org\/vudici\/wp-json\/wp\/v2\/media\/2708"}],"wp:attachment":[{"href":"https:\/\/perspectiv.org\/vudici\/wp-json\/wp\/v2\/media?parent=2707"}],"wp:term":[{"taxonomy":"category","embeddable":true,"href":"https:\/\/perspectiv.org\/vudici\/wp-json\/wp\/v2\/categories?post=2707"},{"taxonomy":"post_tag","embeddable":true,"href":"https:\/\/perspectiv.org\/vudici\/wp-json\/wp\/v2\/tags?post=2707"}],"curies":[{"name":"wp","href":"https:\/\/api.w.org\/{rel}","templated":true}]}}