{"id":275,"date":"2013-06-22T17:42:07","date_gmt":"2013-06-22T16:42:07","guid":{"rendered":"http:\/\/perspectiv.org\/vudici\/?p=275"},"modified":"2018-11-21T14:49:36","modified_gmt":"2018-11-21T13:49:36","slug":"ce-soir-la","status":"publish","type":"post","link":"https:\/\/perspectiv.org\/vudici\/ce-soir-la\/","title":{"rendered":"Ce soir-l\u00e0"},"content":{"rendered":"<p style=\"text-align: justify;\">Il faisait froid ce soir-l\u00e0. Nous \u00e9tions en hiver et j&rsquo;\u00e9tais parti arpenter les contreforts du Mont Bart. Souvent, je m&rsquo;y suis rendu parce que c&rsquo;est l\u00e0, au d\u00e9tour d&rsquo;une ballade automnale, que j&rsquo;ai commenc\u00e9 <a title=\"Mise au banc\" href=\"https:\/\/perspectiv.org\/vudici\/project\/mise-au-banc\/\" target=\"_blank\" rel=\"noopener\">ma s\u00e9rie sur les bancs<\/a>.&nbsp;Comme d&rsquo;habitude, j&rsquo;en ai fait le tour. Dans l&rsquo;espoir d&rsquo;y retrouver mes bancs, ces fameux bancs sur lesquels l&rsquo;outrage du temps, l&rsquo;abandon, l&rsquo;humidit\u00e9, les saisons ou encore les amoureux laissent des marques que je trouve tr\u00e8s photog\u00e9niques. J&rsquo;ai donc compl\u00e9t\u00e9 ma s\u00e9rie ; la nuit tombait et il me fallait revenir vers la voiture.<\/p>\n<p><!--more--><\/p>\n<p style=\"text-align: justify;\">J&rsquo;ai rejoint la route et m&rsquo;appr\u00eate \u00e0 la suivre pour atteindre le parking. Je passe alors devant un petit promontoire qui offre une vue d\u00e9gag\u00e9e sur la vall\u00e9e en contrebas. En bas, l\u00e0&nbsp;o\u00f9 le Doubs et l&rsquo;Allan se rejoignent,&nbsp;la ville s&rsquo;offre \u00e0 moi, s&rsquo;illumine dans le cr\u00e9puscule naissant.&nbsp;La lumi\u00e8re est en train de changer, elle est \u00e0 ce moment o\u00f9 tout bascule, o\u00f9 en un instant les couleurs changent.<\/p>\n<p style=\"text-align: justify;\">J&rsquo;aurais pu rester ainsi \u00e0 admirer cette succession d&rsquo;instants \u00e9ph\u00e9m\u00e8res, \u00e0 contempler &#8211; seul sur le Mont Bart &#8211; ce combat in\u00e9gal entre une lumi\u00e8re artificielle conqu\u00e9rante et une lumi\u00e8re naturelle vou\u00e9e \u00e0 la d\u00e9faite. C&rsquo;est ce que j&rsquo;ai fait jusqu&rsquo;\u00e0 ce que le d\u00e9sir photographique soit plus fort. Il ne me restait plus beaucoup de temps. La lumi\u00e8re \u00e9tait d\u00e9j\u00e0 trop faible pour que je puisse d\u00e9clencher sans tr\u00e9pied m\u00eame en abusant des hautes sensibilit\u00e9s que mon appareil permet sans trop \u00ab\u00a0bruiter\u00a0\u00bb.<\/p>\n<blockquote>\n<p style=\"text-align: justify;\">Je me pr\u00e9cipite vers la voiture, attrape mon tr\u00e9pied que je sais toujours avoir dans le coffre, l&rsquo;installe en quelques secondes en v\u00e9rifiant le niveau, fixe l&rsquo;appareil, cherche ma composition.<\/p>\n<\/blockquote>\n<figure id=\"attachment_304\" aria-describedby=\"caption-attachment-304\" style=\"width: 300px\" class=\"wp-caption alignright\"><a href=\"https:\/\/perspectiv.org\/vudici\/wp-content\/uploads\/2013\/01\/une-ville-la-nuit.jpg\"><img loading=\"lazy\" decoding=\"async\" class=\"size-medium wp-image-304\" src=\"https:\/\/perspectiv.org\/vudici\/wp-content\/uploads\/2013\/01\/une-ville-la-nuit-300x198.jpg\" alt=\"Lumi\u00e8res de nuit sur la vall\u00e9e du Doubs\" width=\"300\" height=\"198\" srcset=\"https:\/\/perspectiv.org\/vudici\/wp-content\/uploads\/2013\/01\/une-ville-la-nuit-300x198.jpg 300w, https:\/\/perspectiv.org\/vudici\/wp-content\/uploads\/2013\/01\/une-ville-la-nuit.jpg 900w\" sizes=\"auto, (max-width: 300px) 100vw, 300px\" \/><\/a><figcaption id=\"caption-attachment-304\" class=\"wp-caption-text\">Lumi\u00e8res sur la ville<\/figcaption><\/figure>\n<p style=\"text-align: justify;\">Je sors la t\u00e9l\u00e9commande de mon appareil du sac ; je sais que sur de tels temps de pause, le moindre mouvement apportera un flou de boug\u00e9.&nbsp;Je cadre, et apr\u00e8s m&rsquo;\u00eatre recul\u00e9, j&rsquo;appuie sur la t\u00e9l\u00e9commande. 30 secondes passent \u00e0 attendre que l&rsquo;obturateur se referme puis \u00e0 nouveau 30 secondes \u00e0 attendre que l&rsquo;appareil dig\u00e8re cette pause longue. Je ne regarde pas la photo qui s&rsquo;affiche sur l&rsquo;\u00e9cran, &nbsp;je recadre \u00e0 nouveau, d\u00e9clenche encore. 60 secondes de plus. Je recadre encore, d\u00e9clenche toujours, 60 secondes de mieux&#8230;<\/p>\n<p style=\"text-align: justify;\">A chaque attente, je mets les mains dans mes poches car il fait froid en cette fin de journ\u00e9e du d\u00e9but janvier.<\/p>\n<p style=\"text-align: justify;\">Je resterai plusieurs minutes ainsi, sans vraiment changer d&rsquo;angle de vue.&nbsp;Je verrai le ciel passer du bleu violet au noir profond au dessus des n\u00e9ons.&nbsp;Je verrai les nuages s&rsquo;impr\u00e9gner des couleurs de la ville et du ciel, passant d&rsquo;un orange flamboyant \u00e0 un orange s\u00e9pia.<\/p>\n<figure id=\"attachment_276\" aria-describedby=\"caption-attachment-276\" style=\"width: 300px\" class=\"wp-caption alignleft\"><a href=\"https:\/\/perspectiv.org\/vudici\/wp-content\/uploads\/2013\/06\/une-ville-la-nuit-bis.jpg\"><img loading=\"lazy\" decoding=\"async\" class=\"size-medium wp-image-276\" src=\"https:\/\/perspectiv.org\/vudici\/wp-content\/uploads\/2013\/06\/une-ville-la-nuit-bis-300x198.jpg\" alt=\"Vue de nuit sur la vall\u00e9e du Doubs\" width=\"300\" height=\"198\" srcset=\"https:\/\/perspectiv.org\/vudici\/wp-content\/uploads\/2013\/06\/une-ville-la-nuit-bis-300x198.jpg 300w, https:\/\/perspectiv.org\/vudici\/wp-content\/uploads\/2013\/06\/une-ville-la-nuit-bis.jpg 900w\" sizes=\"auto, (max-width: 300px) 100vw, 300px\" \/><\/a><figcaption id=\"caption-attachment-276\" class=\"wp-caption-text\">Lumi\u00e8re de la ville<\/figcaption><\/figure>\n<p style=\"text-align: justify;\">C&rsquo;est fini, la lumi\u00e8re n&rsquo;est plus qu&rsquo;artificielle, je fais encore quelques clich\u00e9s mais je pense d\u00e9j\u00e0 au d\u00e9veloppement car sur ces pauses longues et \u00e0 une telle ouverture, je sais d&rsquo;avance que mes photos marqueront les poussi\u00e8res d&rsquo;un capteur que j&rsquo;ai trop tard\u00e9 \u00e0 nettoyer. J&rsquo;esp\u00e8re aussi que les photos rendront quelque chose. Cela dit, si ce n&rsquo;est pas le cas, je sais que je serai \u00e9videmment d\u00e9\u00e7u mais j&rsquo;aurai tout de m\u00eame profit\u00e9 de beaux instants. Rentr\u00e9 \u00e0 la maison, je n&rsquo;ai pas \u00e9t\u00e9 d\u00e9\u00e7u m\u00eame si j&rsquo;ai en effet du retirer de petites poussi\u00e8res disgracieuses.<\/p>\n<p style=\"text-align: justify;\">Je me souviens aussi de l&rsquo;accueil de Marie qui me raconte son coup de fil avec Gwen \u00e0 qui elle avait dit que j&rsquo;\u00e9tais parti faire des photos. \u00ab\u00a0Ah ouais ! Il continue toujours \u00e0 faire des photos ?\u00a0\u00bb avait demand\u00e9 Gwen, \u00e9tonn\u00e9e certainement que je sois assez toqu\u00e9 pour aller faire des photos un soir de janvier, \u00e0 la nuit tomb\u00e9e et dans le froid mordant.<\/p>\n<blockquote>\n<p style=\"text-align: justify;\">Gwen, si tu lis ces lignes, ces quelques photos sont pour toi.<\/p>\n<\/blockquote>\n<p>&nbsp;<\/p>\n<p>&nbsp;<\/p>\n","protected":false},"excerpt":{"rendered":"<p>Il faisait froid ce soir-l\u00e0. Nous \u00e9tions en hiver et j&rsquo;\u00e9tais parti arpenter les contreforts du Mont Bart. Souvent, je m&rsquo;y suis rendu parce que c&rsquo;est l\u00e0, au d\u00e9tour d&rsquo;une ballade automnale, que j&rsquo;ai commenc\u00e9 ma s\u00e9rie sur les bancs.&nbsp;Comme d&rsquo;habitude, j&rsquo;en ai fait le tour. Dans l&rsquo;espoir d&rsquo;y retrouver mes bancs, ces fameux bancs&hellip;<\/p>\n","protected":false},"author":1,"featured_media":1882,"comment_status":"open","ping_status":"open","sticky":false,"template":"","format":"standard","meta":{"content-type":"","_mo_disable_npp":"","ngg_post_thumbnail":0,"jetpack_post_was_ever_published":false,"_jetpack_newsletter_access":"","_jetpack_dont_email_post_to_subs":false,"_jetpack_newsletter_tier_id":0,"_jetpack_memberships_contains_paywalled_content":false,"_jetpack_memberships_contains_paid_content":false,"footnotes":"","jetpack_publicize_message":"","jetpack_publicize_feature_enabled":true,"jetpack_social_post_already_shared":false,"jetpack_social_options":{"image_generator_settings":{"template":"highway","default_image_id":0,"font":"","enabled":false},"version":2}},"categories":[35],"tags":[38,30,46],"class_list":["post-275","post","type-post","status-publish","format-standard","has-post-thumbnail","hentry","category-ailleurs-en-couleurs","tag-lumiere","tag-reflets","tag-ville","post-grid-2-col","entry"],"jetpack_publicize_connections":[],"jetpack_featured_media_url":"https:\/\/perspectiv.org\/vudici\/wp-content\/uploads\/2013\/06\/une-ville-la-nuit.jpg","jetpack_sharing_enabled":true,"jetpack_shortlink":"https:\/\/wp.me\/pataty-4r","jetpack-related-posts":[],"_links":{"self":[{"href":"https:\/\/perspectiv.org\/vudici\/wp-json\/wp\/v2\/posts\/275","targetHints":{"allow":["GET"]}}],"collection":[{"href":"https:\/\/perspectiv.org\/vudici\/wp-json\/wp\/v2\/posts"}],"about":[{"href":"https:\/\/perspectiv.org\/vudici\/wp-json\/wp\/v2\/types\/post"}],"author":[{"embeddable":true,"href":"https:\/\/perspectiv.org\/vudici\/wp-json\/wp\/v2\/users\/1"}],"replies":[{"embeddable":true,"href":"https:\/\/perspectiv.org\/vudici\/wp-json\/wp\/v2\/comments?post=275"}],"version-history":[{"count":53,"href":"https:\/\/perspectiv.org\/vudici\/wp-json\/wp\/v2\/posts\/275\/revisions"}],"predecessor-version":[{"id":1877,"href":"https:\/\/perspectiv.org\/vudici\/wp-json\/wp\/v2\/posts\/275\/revisions\/1877"}],"wp:featuredmedia":[{"embeddable":true,"href":"https:\/\/perspectiv.org\/vudici\/wp-json\/wp\/v2\/media\/1882"}],"wp:attachment":[{"href":"https:\/\/perspectiv.org\/vudici\/wp-json\/wp\/v2\/media?parent=275"}],"wp:term":[{"taxonomy":"category","embeddable":true,"href":"https:\/\/perspectiv.org\/vudici\/wp-json\/wp\/v2\/categories?post=275"},{"taxonomy":"post_tag","embeddable":true,"href":"https:\/\/perspectiv.org\/vudici\/wp-json\/wp\/v2\/tags?post=275"}],"curies":[{"name":"wp","href":"https:\/\/api.w.org\/{rel}","templated":true}]}}