{"id":399,"date":"2013-07-21T17:03:54","date_gmt":"2013-07-21T16:03:54","guid":{"rendered":"http:\/\/perspectiv.org\/vudici\/?p=399"},"modified":"2018-11-21T14:39:33","modified_gmt":"2018-11-21T13:39:33","slug":"que-la-lumiere-fuse","status":"publish","type":"post","link":"https:\/\/perspectiv.org\/vudici\/que-la-lumiere-fuse\/","title":{"rendered":"Que la lumi\u00e8re fuse !"},"content":{"rendered":"<p style=\"text-align: justify;\">Nous venions d&rsquo;arriver dans le quartier du Ch\u00e2teau royal. Nous nous \u00e9tions, comme de nombreux touristes, attard\u00e9s \u00e0 l&rsquo;entr\u00e9e pour voir la rel\u00e8ve de la garde puis avions suivi les relev\u00e9s jusque dans l&rsquo;enceinte. Il faisait l\u00e0-encore un temps magnifique, le soleil \u00e9tait \u00e0 son z\u00e9nith, nous avions une belle journ\u00e9e devant nous.<\/p>\n<p><!--more--><\/p>\n<p style=\"text-align: justify;\"><a href=\"https:\/\/perspectiv.org\/vudici\/wp-content\/uploads\/2013\/07\/Capture-d\u2019\u00e9cran-2013-07-21-\u00e0-17.23.04.png\"><img loading=\"lazy\" decoding=\"async\" class=\"alignright size-medium wp-image-400\" src=\"https:\/\/perspectiv.org\/vudici\/wp-content\/uploads\/2013\/07\/Capture-d\u2019\u00e9cran-2013-07-21-\u00e0-17.23.04-300x159.png\" alt=\"Capture d\u2019\u00e9cran 2013-07-21 \u00e0 17.23.04\" width=\"300\" height=\"159\" srcset=\"https:\/\/perspectiv.org\/vudici\/wp-content\/uploads\/2013\/07\/Capture-d\u2019\u00e9cran-2013-07-21-\u00e0-17.23.04-300x159.png 300w, https:\/\/perspectiv.org\/vudici\/wp-content\/uploads\/2013\/07\/Capture-d\u2019\u00e9cran-2013-07-21-\u00e0-17.23.04.png 878w\" sizes=\"auto, (max-width: 300px) 100vw, 300px\" \/><\/a>Pass\u00e9e la deuxi\u00e8me cour, nous nous retrouvions face \u00e0 l&rsquo;imposante cath\u00e9drale Saint-Guy, et pour qui s&rsquo;y est d\u00e9j\u00e0 rendu une fois, il est ais\u00e9 de comprendre qu&rsquo;il faudrait un sacr\u00e9 grand-angle pour faire rentrer l&rsquo;\u00e9difice dans l&rsquo;appareil : aucun recul entre le parvis et le b\u00e2timent qui fait face \u00e0 son portail richement d\u00e9cor\u00e9. Cette majestueuse cath\u00e9drale \u00e9rig\u00e9e en 6 si\u00e8cles (de 1344 \u00e0 1929!) se trouve en effet \u00ab\u00a0ench\u00e2ss\u00e9e\u00a0\u00bb dans un \u00e9crin de multiples palais, chapelles et autres tours et il est peu \u00e9vident de trouver un endroit qui permette de la saisir dans sa globalit\u00e9 sans imm\u00e9diatement autoriser les nombreux visiteurs \u00e0 s&rsquo;inviter sur la photo.<\/p>\n<p style=\"text-align: justify;\">C&rsquo;est alors que j&rsquo;eus l&rsquo;id\u00e9e de prendre une photo originale, d\u00e9cal\u00e9e et de jouer avec le soleil. Jouer avec le soleil, c&rsquo;\u00e9tait je me souviens interdit quand, vers mes 13 &#8211; 14 ans, on m&rsquo;avait offert mon premier appareil photo (argentique, il va de soi !). Je me souviens encore des conseils de celui qui m&rsquo;avait fait ce cadeau et qui m&rsquo;avait bien dit :<\/p>\n<blockquote>\n<p style=\"text-align: justify;\">Si tu veux r\u00e9ussir une photo, il faut toujours que tu aies le soleil dans le dos ! Sinon, tu seras en contre jour et on n&rsquo; y verra rien.<\/p>\n<\/blockquote>\n<p style=\"text-align: justify;\">Et c&rsquo;est vrai que tout le temps o\u00f9 j&rsquo;ai eu cet appareil rouge &#8211; r\u00e9gl\u00e9 je pense en hyperfocale car je n&rsquo;ai pas la m\u00e9moire ni d&rsquo;un autofocus, ni d&rsquo;une quelconque bague de diaphragme &#8211; je n&rsquo;ai jamais d\u00e9rog\u00e9 \u00e0 cette sacro-sainte r\u00e8gle &#8230; Si j&rsquo;\u00e9tais en face du soleil, soit je tournais autour de ma cible, soit je ne prenais pas de photo !<\/p>\n<p style=\"text-align: justify;\">Depuis, je me suis \u00e9mancip\u00e9 et quand je me suis mis \u00e0 \u00ab\u00a0faire de la photo\u00a0\u00bb, il y a quelques ann\u00e9es, j&rsquo;avais tout \u00e0 apprendre. J&rsquo;ai donc fait fi de ce court \u00e9pisode photographique de mon adolescence et des rudiments qu&rsquo;on avait tent\u00e9 de m&rsquo;inculquer.<\/p>\n<p style=\"text-align: justify;\">Je n&rsquo;\u00e9tais donc pris d&rsquo;aucun remords ou sentiment de culpabilit\u00e9 quand j&rsquo;ai pris la cath\u00e9drale Saint-Guy, juste interrogatif de ce que cela pourrait donner au d\u00e9veloppement.<\/p>\n<p style=\"text-align: justify;\">Cette photo, qui doit \u00eatre la premi\u00e8re o\u00f9 j&rsquo;ai volontairement plac\u00e9 mon objectif face au soleil, est aussi la premi\u00e8re o\u00f9 j&rsquo;ai pris du temps avec un logiciel de retouche pour en assurer le d\u00e9veloppement : on n&rsquo;affronte pas impun\u00e9ment le soleil !<\/p>\n<p>&nbsp;<\/p>\n<p>&nbsp;<\/p>\n","protected":false},"excerpt":{"rendered":"<p>Nous venions d&rsquo;arriver dans le quartier du Ch\u00e2teau royal. Nous nous \u00e9tions, comme de nombreux touristes, attard\u00e9s \u00e0 l&rsquo;entr\u00e9e pour voir la rel\u00e8ve de la garde puis avions suivi les relev\u00e9s jusque dans l&rsquo;enceinte. Il faisait l\u00e0-encore un temps magnifique, le soleil \u00e9tait \u00e0 son z\u00e9nith, nous avions une belle journ\u00e9e devant nous.<\/p>\n","protected":false},"author":1,"featured_media":1872,"comment_status":"open","ping_status":"open","sticky":false,"template":"","format":"standard","meta":{"content-type":"","_mo_disable_npp":"","ngg_post_thumbnail":0,"jetpack_post_was_ever_published":false,"_jetpack_newsletter_access":"","_jetpack_dont_email_post_to_subs":false,"_jetpack_newsletter_tier_id":0,"_jetpack_memberships_contains_paywalled_content":false,"_jetpack_memberships_contains_paid_content":false,"footnotes":"","jetpack_publicize_message":"","jetpack_publicize_feature_enabled":true,"jetpack_social_post_already_shared":false,"jetpack_social_options":{"image_generator_settings":{"template":"highway","default_image_id":0,"font":"","enabled":false},"version":2}},"categories":[7],"tags":[37,38,49,52,51],"class_list":["post-399","post","type-post","status-publish","format-standard","has-post-thumbnail","hentry","category-des-lieux-en-noir-et-blanc","tag-eglise","tag-lumiere","tag-prague","tag-soleil","tag-souvenirs","post-grid-2-col","entry"],"jetpack_publicize_connections":[],"jetpack_featured_media_url":"https:\/\/perspectiv.org\/vudici\/wp-content\/uploads\/2013\/07\/Lantre-de-quasimodo-1.jpg","jetpack_sharing_enabled":true,"jetpack_shortlink":"https:\/\/wp.me\/pataty-6r","jetpack-related-posts":[],"_links":{"self":[{"href":"https:\/\/perspectiv.org\/vudici\/wp-json\/wp\/v2\/posts\/399","targetHints":{"allow":["GET"]}}],"collection":[{"href":"https:\/\/perspectiv.org\/vudici\/wp-json\/wp\/v2\/posts"}],"about":[{"href":"https:\/\/perspectiv.org\/vudici\/wp-json\/wp\/v2\/types\/post"}],"author":[{"embeddable":true,"href":"https:\/\/perspectiv.org\/vudici\/wp-json\/wp\/v2\/users\/1"}],"replies":[{"embeddable":true,"href":"https:\/\/perspectiv.org\/vudici\/wp-json\/wp\/v2\/comments?post=399"}],"version-history":[{"count":13,"href":"https:\/\/perspectiv.org\/vudici\/wp-json\/wp\/v2\/posts\/399\/revisions"}],"predecessor-version":[{"id":1873,"href":"https:\/\/perspectiv.org\/vudici\/wp-json\/wp\/v2\/posts\/399\/revisions\/1873"}],"wp:featuredmedia":[{"embeddable":true,"href":"https:\/\/perspectiv.org\/vudici\/wp-json\/wp\/v2\/media\/1872"}],"wp:attachment":[{"href":"https:\/\/perspectiv.org\/vudici\/wp-json\/wp\/v2\/media?parent=399"}],"wp:term":[{"taxonomy":"category","embeddable":true,"href":"https:\/\/perspectiv.org\/vudici\/wp-json\/wp\/v2\/categories?post=399"},{"taxonomy":"post_tag","embeddable":true,"href":"https:\/\/perspectiv.org\/vudici\/wp-json\/wp\/v2\/tags?post=399"}],"curies":[{"name":"wp","href":"https:\/\/api.w.org\/{rel}","templated":true}]}}