{"id":685,"date":"2014-11-11T11:02:03","date_gmt":"2014-11-11T10:02:03","guid":{"rendered":"http:\/\/perspectiv.org\/vudici\/?p=685"},"modified":"2018-11-21T13:20:58","modified_gmt":"2018-11-21T12:20:58","slug":"a-lheure-de-la-nuit","status":"publish","type":"post","link":"https:\/\/perspectiv.org\/vudici\/a-lheure-de-la-nuit\/","title":{"rendered":"A l&rsquo;heure de la nuit"},"content":{"rendered":"<p style=\"text-align: justify;\">La nuit s&rsquo;annon\u00e7ait et nous n&rsquo;\u00e9tions plus tr\u00e8s nombreux au sommet. Il y avait ce jeune couple qui \u00e9tait venu profiter de la lumi\u00e8re du soir et que nous avions crois\u00e9 au niveau du <a title=\"Ce soir-l\u00e0\" href=\"https:\/\/perspectiv.org\/vudici\/ce-soir-la\/\">promontoire<\/a>, mais tous les autres \u00e9taient partis. Bient\u00f4t, il ferait vraiment nuit et avant que la p\u00e9nombre ne recouvre tout, il me restait quelques instants&nbsp;pour capturer le moment.<\/p>\n<p><!--more--><\/p>\n<p style=\"text-align: justify;\">Une nouvelle fois, Marie \u00e9tait devant et je trainais. Ce n&rsquo;est pas que notre sortie avait \u00e9t\u00e9 harassante et, qu&rsquo;\u00e9puis\u00e9, j&rsquo;avais du mal \u00e0 la rejoindre. C&rsquo;est au contraire qu&rsquo;au fur et \u00e0 mesure qu&rsquo;elle s&rsquo;\u00e9loignait, je la voyais s&rsquo;inscrire dans un cadre dans lequel j&rsquo;avais la certitude que j&rsquo;allais pouvoir la capturer. Ces deux r\u00e9verb\u00e8res, ces &nbsp;arbres, ce chemin, ce paysage vallonn\u00e9,&#8230; : tout appelait la photo. Et c&rsquo;est quand elle s&rsquo;arr\u00eata et se retourna pour constater&nbsp;le retard que j&rsquo;avais&nbsp;encore une fois pris que je d\u00e9clenchais. Ce serait l&rsquo;ultime photo de cette promenade.<\/p>\n<p>&nbsp;<\/p>\n<p><a href=\"https:\/\/perspectiv.org\/vudici\/wp-content\/uploads\/2014\/11\/Sous-la-lune.jpg\"><img loading=\"lazy\" decoding=\"async\" class=\"alignright size-medium wp-image-688\" src=\"https:\/\/perspectiv.org\/vudici\/wp-content\/uploads\/2014\/11\/Sous-la-lune-300x199.jpg\" alt=\"Sous la lune\" width=\"300\" height=\"199\" srcset=\"https:\/\/perspectiv.org\/vudici\/wp-content\/uploads\/2014\/11\/Sous-la-lune-300x199.jpg 300w, https:\/\/perspectiv.org\/vudici\/wp-content\/uploads\/2014\/11\/Sous-la-lune.jpg 900w\" sizes=\"auto, (max-width: 300px) 100vw, 300px\" \/><\/a><\/p>\n<p style=\"text-align: justify;\">Bienveillante, la lune nous avait accompagn\u00e9s tout du long.<\/p>\n<p style=\"text-align: justify;\">Elle nous avait montr\u00e9 le chemin que nous connaissions cependant&nbsp;si bien. Nous l&rsquo;avions suivie et elle nous avait berc\u00e9s comme les flots ; nous avions senti le flux et le reflux nous irriguer et&nbsp;nos pas avaient ob\u00e9i, inconsciemment, \u00e0 un&nbsp;rythme nonchalant mais&nbsp;r\u00e9gulier.<\/p>\n<p style=\"text-align: justify;\">Et voil\u00e0 que nous arrivions pr\u00e8s du but, nous bouclions notre rapide tour qu&rsquo;un d\u00e9part trop tardif de la maison ne permettait pas de rallonger sans que le froid et la nuit ne nous assaillent.<\/p>\n<p>&nbsp;<\/p>\n<p style=\"text-align: justify;\">L&rsquo;appareil en bandouli\u00e8re, l&rsquo;oeil en alerte, j&rsquo;\u00e9tais comme trop souvent int\u00e9rioris\u00e9, parlant peu et ne r\u00e9pondant que bri\u00e8vement aux sollicitations d&rsquo;Ad\u00e8le ou&nbsp;de Marie.<\/p>\n<p style=\"text-align: justify;\">C&rsquo;est quelque chose qui m&rsquo;a toujours surpris : alors que la photographie est cet art o\u00f9 nous devrions \u00eatre le plus ouvert au monde, attentif et en empathie avec notre environnement,&nbsp;j&rsquo;ai &#8211; dans ces instants-l\u00e0 &#8211; comme l&rsquo;impression d&rsquo;\u00eatre ramass\u00e9 au fond de moi-m\u00eame, concentr\u00e9 en un point infime et noy\u00e9 dans l&rsquo;immensit\u00e9 sid\u00e9rale&nbsp;d&rsquo;un vide int\u00e9rieur. Et&nbsp;c&rsquo;est&nbsp;quand je d\u00e9clenche que je me sens revenir&nbsp;violemment au&nbsp;monde et &#8211;&nbsp;dans cet&nbsp;arc \u00e9lectrique dont il m&rsquo;est bien difficile de d\u00e9crire la sensation &#8211; me reconnecte \u00e0 ce qui m&rsquo;entoure.<\/p>\n<blockquote>\n<p style=\"text-align: justify;\">D\u00e9clencher, c&rsquo;est revivre&nbsp;le <em>big bang<\/em>&nbsp;et&nbsp;embrasser en un instant l&rsquo;infinit\u00e9 de l&rsquo;univers.<\/p>\n<\/blockquote>\n<p>&nbsp;<\/p>\n","protected":false},"excerpt":{"rendered":"<p>La nuit s&rsquo;annon\u00e7ait et nous n&rsquo;\u00e9tions plus tr\u00e8s nombreux au sommet. Il y avait ce jeune couple qui \u00e9tait venu profiter de la lumi\u00e8re du soir et que nous avions crois\u00e9 au niveau du promontoire, mais tous les autres \u00e9taient partis. Bient\u00f4t, il ferait vraiment nuit et avant que la p\u00e9nombre ne recouvre tout, il&hellip;<\/p>\n","protected":false},"author":1,"featured_media":1827,"comment_status":"open","ping_status":"open","sticky":false,"template":"","format":"standard","meta":{"content-type":"","_mo_disable_npp":"","ngg_post_thumbnail":0,"jetpack_post_was_ever_published":false,"_jetpack_newsletter_access":"","_jetpack_dont_email_post_to_subs":false,"_jetpack_newsletter_tier_id":0,"_jetpack_memberships_contains_paywalled_content":false,"_jetpack_memberships_contains_paid_content":false,"footnotes":"","jetpack_publicize_message":"","jetpack_publicize_feature_enabled":true,"jetpack_social_post_already_shared":false,"jetpack_social_options":{"image_generator_settings":{"template":"highway","default_image_id":0,"font":"","enabled":false},"version":2}},"categories":[7],"tags":[95,38,96,9],"class_list":["post-685","post","type-post","status-publish","format-standard","has-post-thumbnail","hentry","category-des-lieux-en-noir-et-blanc","tag-crepuscule","tag-lumiere","tag-mont-bart","tag-paysage","post-grid-2-col","entry"],"jetpack_publicize_connections":[],"jetpack_featured_media_url":"https:\/\/perspectiv.org\/vudici\/wp-content\/uploads\/2014\/11\/A-lheure-de-la-nuit-1.jpg","jetpack_sharing_enabled":true,"jetpack_shortlink":"https:\/\/wp.me\/pataty-b3","jetpack-related-posts":[],"_links":{"self":[{"href":"https:\/\/perspectiv.org\/vudici\/wp-json\/wp\/v2\/posts\/685","targetHints":{"allow":["GET"]}}],"collection":[{"href":"https:\/\/perspectiv.org\/vudici\/wp-json\/wp\/v2\/posts"}],"about":[{"href":"https:\/\/perspectiv.org\/vudici\/wp-json\/wp\/v2\/types\/post"}],"author":[{"embeddable":true,"href":"https:\/\/perspectiv.org\/vudici\/wp-json\/wp\/v2\/users\/1"}],"replies":[{"embeddable":true,"href":"https:\/\/perspectiv.org\/vudici\/wp-json\/wp\/v2\/comments?post=685"}],"version-history":[{"count":25,"href":"https:\/\/perspectiv.org\/vudici\/wp-json\/wp\/v2\/posts\/685\/revisions"}],"predecessor-version":[{"id":1828,"href":"https:\/\/perspectiv.org\/vudici\/wp-json\/wp\/v2\/posts\/685\/revisions\/1828"}],"wp:featuredmedia":[{"embeddable":true,"href":"https:\/\/perspectiv.org\/vudici\/wp-json\/wp\/v2\/media\/1827"}],"wp:attachment":[{"href":"https:\/\/perspectiv.org\/vudici\/wp-json\/wp\/v2\/media?parent=685"}],"wp:term":[{"taxonomy":"category","embeddable":true,"href":"https:\/\/perspectiv.org\/vudici\/wp-json\/wp\/v2\/categories?post=685"},{"taxonomy":"post_tag","embeddable":true,"href":"https:\/\/perspectiv.org\/vudici\/wp-json\/wp\/v2\/tags?post=685"}],"curies":[{"name":"wp","href":"https:\/\/api.w.org\/{rel}","templated":true}]}}